{"id":22073,"date":"2024-08-01T12:49:58","date_gmt":"2024-08-01T10:49:58","guid":{"rendered":"https:\/\/magictowns.al\/?p=22073"},"modified":"2025-01-12T07:11:05","modified_gmt":"2025-01-12T06:11:05","slug":"la-ricerca-delleuropa-nei-balcani","status":"publish","type":"post","link":"https:\/\/magictowns.al\/it\/the-quest-for-europe-in-the-balkans\/","title":{"rendered":"La ricerca dell'Europa nei Balcani"},"content":{"rendered":"<p>Questa breve analisi \u00e8 ispirata all'articolo \"La qu\u00eate d'Europe dans les Balkans\" di Ouest-France. Un ringraziamento particolare va a Patrick Bernard per averci segnalato questo articolo cos\u00ec ricco di spunti.<\/p>\r\n\r\n\r\n\r\n<p>Lo stimolante articolo intitolato \"Point de vue. La qu\u00eate d'Europe dans les Balkans\", pubblicato da Ouest-France, analizza il percorso dei Paesi balcanici verso l'integrazione europea. L'articolo fornisce una panoramica dei fattori storici, politici e socio-economici che influenzano l'aspirazione della regione ad entrare nell'Unione Europea.<\/p>\r\n\r\n\r\n\r\n<p>Ecco alcuni dei fattori che hanno influenzato il cammino dei Paesi balcanici verso il noto obiettivo finale, l'integrazione europea.<\/p>\r\n\r\n\r\n\r\n<h3 class=\"wp-block-heading\">Contesto storico<\/h3>\r\n\r\n\r\n\r\n<p>I Balcani, spesso definiti il crocevia dell'Europa, hanno una storia segnata da conflitti e diversit\u00e0 culturali. Questo complesso passato continua a plasmare gli sforzi attuali della regione per allinearsi agli standard e ai valori europei. L'eredit\u00e0 delle guerre jugoslave, in particolare, rimane un ostacolo significativo all'unit\u00e0 e al progresso.<\/p>\r\n\r\n\r\n\r\n<p>Questo <a href=\"file:\/\/\/C:\/Users\/User\/Downloads\/0.2.%20Western%20Balkans%20Crossroads%20of%20Civilisations%20Concept%20and%20List%20of%20Locations.pdf\">materiale informativo<\/a> del Consiglio di Cooperazione Regionale ci parla di come tutto \u00e8 iniziato.<\/p>\r\n\r\n\r\n\r\n<h3 class=\"wp-block-heading\">Sfide politiche<\/h3>\r\n\r\n\r\n\r\n<p>Dal punto di vista politico, i Paesi balcanici devono affrontare alcune sfide nel loro percorso di adesione all'UE. Questioni come la corruzione, la debolezza della governance e l'instabilit\u00e0 politica sono considerate i principali ostacoli. I severi criteri di adesione dell'UE richiedono a questi Paesi di intraprendere riforme complete, che spesso si scontrano con le pratiche e gli interessi locali.<\/p>\r\n\r\n\r\n\r\n<h3 class=\"wp-block-heading\">Lotte socio-economiche<\/h3>\r\n\r\n\r\n\r\n<p>Dal punto di vista economico, la regione \u00e8 alle prese con alti tassi di disoccupazione, povert\u00e0 e infrastrutture sottosviluppate. Se da un lato l'adesione all'UE promette benefici economici, dall'altro il periodo di transizione comporta adeguamenti e investimenti sostanziali. Il divario socio-economico tra i Balcani e gli attuali Stati membri dell'UE \u00e8 un fattore critico nel dibattito sull'allargamento.<\/p>\r\n\r\n\r\n\r\n<h3 class=\"wp-block-heading\">Il ruolo dell'UE<\/h3>\r\n\r\n\r\n\r\n<p>Le politiche caute e talvolta incoerenti dell'UE nei confronti dell'allargamento hanno generato frustrazione e scetticismo nella regione. La necessit\u00e0 di una strategia pi\u00f9 coerente e di sostegno da parte dell'UE \u00e8 sottolineata come fondamentale per mantenere la credibilit\u00e0 del processo di adesione.<\/p>\r\n\r\n\r\n\r\n<p>Tuttavia, nonostante queste sfide, l'integrazione europea dei Balcani non \u00e8 vantaggiosa solo per la regione, ma anche per la stabilit\u00e0 e la prosperit\u00e0 dell'Europa nel suo complesso. Il patrimonio culturale condiviso e la vicinanza geografica rendono i Balcani parte integrante della famiglia europea. Per questo motivo, il rafforzamento dei legami con l'UE pu\u00f2 promuovere la pace, la democrazia e la crescita economica in questa regione storicamente instabile.<\/p>\r\n\r\n\r\n\r\n<h3 class=\"wp-block-heading\">Conclusione<\/h3>\r\n\r\n\r\n\r\n<p>La ricerca dell'Europa nei Balcani \u00e8 un percorso complesso e sfaccettato che probabilmente continuer\u00e0 per un po'. Nonostante le sfide e il potenziale della regione in questo senso, \u00e8 chiaro che gli sforzi sostenuti e la cooperazione reciproca sono fondamentali per realizzare la visione di un'Europa unita. L'impegno per una promessa futura condivisa offre un orizzonte promettente per i Balcani.<\/p>\r\n\r\n\r\n\r\n<p>Ci resta solo la speranza che i valori condivisi della democrazia, dei diritti umani e del rispetto reciproco guidino alla fine i Balcani verso un'Europa unita.<\/p>\r\n\r\n\t\t\t<div id=\"daexthefu-container\"\r\n\t\t\t\tclass=\"daexthefu-container daexthefu-layout-side-by-side daexthefu-alignment-center\"\r\n\t\t\t\tdata-post-id=\"22073\">\r\n\r\n\t\t\t\t<div class=\"daexthefu-feedback\">\r\n\t\t\t\t\t<div class=\"daexthefu-text\">\r\n\t\t\t\t\t\t<h3 class=\"daexthefu-title\">\u00c8 stato utile?<\/h3>\r\n\t\t\t\t\t<\/div>\r\n\t\t\t\t\t<div class=\"daexthefu-buttons-container\">\r\n\t\t\t\t\t\t<div class=\"daexthefu-buttons\">\r\n\t\t\t\t\t\t\t\r\n\t\t\t<div class=\"daexthefu-yes daexthefu-button daexthefu-button-type-text\" data-value=\"1\">\r\n\t\t\t\t<div class=\"daexthefu-button-text\">\u2705 S\u00ec<\/div>\r\n\t\t\t<\/div>\r\n\r\n\t\t\t\t\t\t\t\t\t\t\r\n\t\t\t<div class=\"daexthefu-no daexthefu-button daexthefu-button-type-text\" data-value=\"0\">\r\n\t\t\t\t<div class=\"daexthefu-button-text\">\u274c No<\/div>\r\n\t\t\t<\/div>\r\n\r\n\t\t\t\t\t\t\t\t\t<\/div>\r\n\t\t\t\t\t<\/div>\r\n\t\t\t\t<\/div>\r\n\r\n\t\t\t\t<div class=\"daexthefu-comment\">\r\n\t\t\t\t\t<div class=\"daexthefu-comment-top-container\">\r\n\t\t\t\t\t\t<label id=\"daexthefu-comment-label\" class=\"daexthefu-comment-label\"><\/label>\r\n\t\t\t\t\t\t\t\t\t\t\t\t\t<div class=\"daexthefu-comment-character-counter-container\">\r\n\t\t\t\t\t\t\t\t<div id=\"daexthefu-comment-character-counter-number\"\r\n\t\t\t\t\t\t\t\t\tclass=\"daexthefu-comment-character-counter-number\"><\/div>\r\n\t\t\t\t\t\t\t\t<div class=\"daexthefu-comment-character-counter-text\"><\/div>\r\n\t\t\t\t\t\t\t<\/div>\r\n\t\t\t\t\t\t\t\t\t\t\t<\/div>\r\n\t\t\t\t\t<textarea id=\"daexthefu-comment-textarea\" class=\"daexthefu-comment-textarea\"\r\n\t\t\t\t\t\t\t\tplaceholder=\"Digitare il messaggio\"\r\n\t\t\t\t\t\t\t\tmaxlength=\"\t\t\t\t\t\t\t\t400\t\t\t\t\t\t\t\t\t\"><\/textarea>\r\n\t\t\t\t\t<div class=\"daexthefu-comment-buttons-container\">\r\n\t\t\t\t\t\t<button class=\"daexthefu-comment-submit daexthefu-button\">Invia<\/button>\r\n\t\t\t\t\t\t<button class=\"daexthefu-comment-cancel daexthefu-button\">Annullamento<\/button>\r\n\t\t\t\t\t<\/div>\r\n\t\t\t\t<\/div>\r\n\r\n\t\t\t\t<div class=\"daexthefu-successful-submission-text\">Grazie per il vostro feedback!<\/div>\r\n\r\n\t\t\t<\/div>","protected":false},"excerpt":{"rendered":"<p>Esplora il viaggio dei Balcani verso l'integrazione nell'UE, ispirandosi all'articolo \"La qu\u00eate d'Europe dans les Balkans\" di Ouest-France. <\/p>","protected":false},"author":3,"featured_media":22080,"comment_status":"closed","ping_status":"open","sticky":false,"template":"single-fullwidth.php","format":"standard","meta":{"_acf_changed":false,"_helpful_status":1,"footnotes":"","_wpscp_schedule_draft_date":"","_wpscp_schedule_republish_date":"","_wpscppro_advance_schedule":false,"_wpscppro_advance_schedule_date":"","_wpscppro_dont_share_socialmedia":null,"_wpscppro_custom_social_share_image":0,"_facebook_share_type":"default","_twitter_share_type":"default","_linkedin_share_type":"default","_pinterest_share_type":"default","_linkedin_share_type_page":"default","_instagram_share_type":"default","_medium_share_type":"default","_threads_share_type":"","_google_business_share_type":"","_selected_social_profile":[],"_wpsp_enable_custom_social_template":false,"_wpsp_social_scheduling":{"enabled":false,"datetime":null,"platforms":[],"status":"template_only","dateOption":"today","timeOption":"now","customDays":"","customHours":"","customDate":"","customTime":"","schedulingType":"absolute"},"_wpsp_active_default_template":true},"categories":[32],"tags":[],"class_list":{"0":"post-22073","1":"post","2":"type-post","3":"status-publish","4":"format-standard","5":"has-post-thumbnail","7":"category-culture"},"acf":[],"menu_order":0,"_links":{"self":[{"href":"https:\/\/magictowns.al\/it\/wp-json\/wp\/v2\/posts\/22073","targetHints":{"allow":["GET"]}}],"collection":[{"href":"https:\/\/magictowns.al\/it\/wp-json\/wp\/v2\/posts"}],"about":[{"href":"https:\/\/magictowns.al\/it\/wp-json\/wp\/v2\/types\/post"}],"author":[{"embeddable":true,"href":"https:\/\/magictowns.al\/it\/wp-json\/wp\/v2\/users\/3"}],"replies":[{"embeddable":true,"href":"https:\/\/magictowns.al\/it\/wp-json\/wp\/v2\/comments?post=22073"}],"version-history":[{"count":5,"href":"https:\/\/magictowns.al\/it\/wp-json\/wp\/v2\/posts\/22073\/revisions"}],"predecessor-version":[{"id":24636,"href":"https:\/\/magictowns.al\/it\/wp-json\/wp\/v2\/posts\/22073\/revisions\/24636"}],"wp:featuredmedia":[{"embeddable":true,"href":"https:\/\/magictowns.al\/it\/wp-json\/wp\/v2\/media\/22080"}],"wp:attachment":[{"href":"https:\/\/magictowns.al\/it\/wp-json\/wp\/v2\/media?parent=22073"}],"wp:term":[{"taxonomy":"category","embeddable":true,"href":"https:\/\/magictowns.al\/it\/wp-json\/wp\/v2\/categories?post=22073"},{"taxonomy":"post_tag","embeddable":true,"href":"https:\/\/magictowns.al\/it\/wp-json\/wp\/v2\/tags?post=22073"}],"curies":[{"name":"wp","href":"https:\/\/api.w.org\/{rel}","templated":true}]}}