{"id":23269,"date":"2024-10-08T19:24:16","date_gmt":"2024-10-08T17:24:16","guid":{"rendered":"https:\/\/magictowns.al\/?p=23269"},"modified":"2025-10-04T22:56:45","modified_gmt":"2025-10-04T20:56:45","slug":"festivals-en-albanie","status":"publish","type":"post","link":"https:\/\/magictowns.al\/fr\/festivals-in-albania\/","title":{"rendered":"Top 11 Festivals in Albania: An Insider&#8217;s Guide"},"content":{"rendered":"<p>Les festivals en Albanie sont organis\u00e9s tout au long de l'ann\u00e9e pour diverses raisons. La plupart du temps, il s'agit de c\u00e9l\u00e9brer l'histoire, la beaut\u00e9 naturelle et la diversit\u00e9 culturelle de l'Albanie.<\/p>\n<p>Mais il y a des significations int\u00e9ressantes derri\u00e8re chaque date marqu\u00e9e qui, j'en suis s\u00fbre, vous plairont et vous surprendront.<\/p>\n<p>Dans cet article, je vous propose une liste des 11 meilleurs festivals d'Albanie que vous devez conna\u00eetre. C'est parti !<\/p>\n<p><strong>Principaux enseignements\u00a0<\/strong><\/p>\n<ul>\n<li>Participez aux innombrables festivals organis\u00e9s tout au long de l'ann\u00e9e en Albanie pour c\u00e9l\u00e9brer la localit\u00e9, la culture, l'histoire, l'art, la musique et les traditions du pays.<\/li>\n<li>Les festivals d'\u00e9t\u00e9 les plus populaires en Albanie sont le Z\u00e2 Fest, le Gjirokast\u00ebr Folk Festival, le Dita e Ver\u00ebs, le Kruja Mountain Festival, le Kala Festival et le UNUM Festival.<\/li>\n<li>Les festivals d'hiver les plus populaires en Albanie sont la f\u00eate de l'ind\u00e9pendance albanaise et le festival de l'huile d'olive et du vin de Berat.<\/li>\n<li>Vous pouvez participer \u00e0 des d\u00e9bats, des festivals de musique, des d\u00e9gustations de vins, des ateliers et des activit\u00e9s artistiques lors des festivals albanais.<\/li>\n<\/ul>\n<h2>1. Journ\u00e9e de l'ind\u00e9pendance de l'Albanie<\/h2>\n<p>C\u00e9l\u00e9br\u00e9e le novembre <strong>28e, <\/strong>\u00a0La Journ\u00e9e de l'ind\u00e9pendance albanaise marque la comm\u00e9moration de la D\u00e9claration d'ind\u00e9pendance de l'Albanie. Le pays s'est lib\u00e9r\u00e9 de l'emprise de l'Empire ottoman apr\u00e8s diverses luttes et est devenu un pays ind\u00e9pendant.<\/p>\n<ul>\n<li><strong>Quand :\u00a0<\/strong>28 novembre<\/li>\n<li><strong>Quelle saison ?\u00a0<\/strong>Festival d'hiver en Albanie<\/li>\n<\/ul>\n<h3>2. Z\u00e2 Fest<\/h3>\n<figure id=\"attachment_23270\" aria-describedby=\"caption-attachment-23270\" style=\"width: 1024px\" class=\"wp-caption aligncenter\"><img decoding=async data-opt-id=1461688249  fetchpriority=\"high\" class=\"size-large wp-image-23270\" src=\"https:\/\/ml4ds5noqxtv.i.optimole.com\/cb:nu7s.344e2\/w:1024\/h:555\/q:mauto\/g:sm\/f:best\/https:\/\/magictowns.al\/wp-content\/uploads\/2024\/10\/Za-Fest-Albania.jpg\" alt=\"C\u00e9l\u00e9bration de la f\u00eate de Za en Albanie\" width=\"1024\" height=\"555\" title=\"\" srcset=\"https:\/\/ml4ds5noqxtv.i.optimole.com\/cb:nu7s.344e2\/w:1024\/h:555\/q:mauto\/g:sm\/f:best\/https:\/\/magictowns.al\/wp-content\/uploads\/2024\/10\/Za-Fest-Albania.jpg 1024w, https:\/\/ml4ds5noqxtv.i.optimole.com\/cb:nu7s.344e2\/w:300\/h:163\/q:mauto\/g:sm\/f:best\/https:\/\/magictowns.al\/wp-content\/uploads\/2024\/10\/Za-Fest-Albania.jpg 300w, https:\/\/ml4ds5noqxtv.i.optimole.com\/cb:nu7s.344e2\/w:768\/h:417\/q:mauto\/g:sm\/f:best\/https:\/\/magictowns.al\/wp-content\/uploads\/2024\/10\/Za-Fest-Albania.jpg 768w, https:\/\/ml4ds5noqxtv.i.optimole.com\/cb:nu7s.344e2\/w:18\/h:10\/q:mauto\/g:sm\/f:best\/https:\/\/magictowns.al\/wp-content\/uploads\/2024\/10\/Za-Fest-Albania.jpg 18w, https:\/\/ml4ds5noqxtv.i.optimole.com\/cb:nu7s.344e2\/w:1320\/h:716\/q:mauto\/g:sm\/f:best\/https:\/\/magictowns.al\/wp-content\/uploads\/2024\/10\/Za-Fest-Albania.jpg 1320w, https:\/\/ml4ds5noqxtv.i.optimole.com\/cb:nu7s.344e2\/w:1486\/h:806\/q:mauto\/g:sm\/f:best\/https:\/\/magictowns.al\/wp-content\/uploads\/2024\/10\/Za-Fest-Albania.jpg 1486w, https:\/\/ml4ds5noqxtv.i.optimole.com\/cb:nu7s.344e2\/w:1486\/h:806\/q:mauto\/g:sm\/f:best\/dpr:2\/https:\/\/magictowns.al\/wp-content\/uploads\/2024\/10\/Za-Fest-Albania.jpg 2x\" sizes=\"(max-width: 1024px) 100vw, 1024px\" \/><figcaption id=\"caption-attachment-23270\" class=\"wp-caption-text\">C\u00e9l\u00e9bration de la f\u00eate du Za en Albanie (<a href=\"https:\/\/www.icebergcommunication.com\/wp-content\/uploads\/2019\/08\/zafest4.jpg\" target=\"_blank\" rel=\"noopener\">Source de l'image<\/a>)<\/figcaption><\/figure>\n<p>Le Z\u00e2 Fest est un nouveau festival d'\u00e9t\u00e9 organis\u00e9 en Albanie. Il met l'accent sur la promotion de la culture albanaise, des traditions spirituelles et de la nature. Diverses activit\u00e9s et ateliers en plein air sont propos\u00e9s dans le cadre de ce festival.<\/p>\n<p>Z\u00e2 signifie \"voix\" en dialecte gheg, ce qui symbolise l'importance accord\u00e9e \u00e0 l'expression artistique. On y trouve un \u00e9ventail de genres musicaux polyphoniques et folkloriques, ainsi que des genres contemporains tels que l'indie et le jazz. Dansez de tout votre c\u0153ur tout en sensibilisant \u00e0 l'environnement dans les Alpes albanaises en c\u00e9l\u00e9brant le Z\u00e2 Fest.<\/p>\n<ul>\n<li><strong>Quand :\u00a0<\/strong>Juillet ou ao\u00fbt<\/li>\n<li><strong>Quelle saison ?\u00a0<\/strong>L'\u00e9t\u00e9<\/li>\n<\/ul>\n<h3>3. Festival de l'huile d'olive et du vin de Berat<\/h3>\n<figure id=\"attachment_23271\" aria-describedby=\"caption-attachment-23271\" style=\"width: 900px\" class=\"wp-caption aligncenter\"><img decoding=async data-opt-id=1372998900  fetchpriority=\"high\" class=\"size-full wp-image-23271\" src=\"https:\/\/ml4ds5noqxtv.i.optimole.com\/cb:nu7s.344e2\/w:auto\/h:auto\/q:mauto\/g:sm\/f:best\/https:\/\/magictowns.al\/wp-content\/uploads\/2024\/10\/Wine-and-Olive-Oil.jpg\" alt=\"\u00c9v\u00e9nements en Albanie \" width=\"900\" height=\"600\" title=\"\" srcset=\"https:\/\/ml4ds5noqxtv.i.optimole.com\/cb:nu7s.344e2\/w:900\/h:600\/q:mauto\/g:sm\/f:best\/https:\/\/magictowns.al\/wp-content\/uploads\/2024\/10\/Wine-and-Olive-Oil.jpg 900w, https:\/\/ml4ds5noqxtv.i.optimole.com\/cb:nu7s.344e2\/w:300\/h:200\/q:mauto\/g:sm\/f:best\/https:\/\/magictowns.al\/wp-content\/uploads\/2024\/10\/Wine-and-Olive-Oil.jpg 300w, https:\/\/ml4ds5noqxtv.i.optimole.com\/cb:nu7s.344e2\/w:768\/h:512\/q:mauto\/g:sm\/f:best\/https:\/\/magictowns.al\/wp-content\/uploads\/2024\/10\/Wine-and-Olive-Oil.jpg 768w, https:\/\/ml4ds5noqxtv.i.optimole.com\/cb:nu7s.344e2\/w:18\/h:12\/q:mauto\/g:sm\/f:best\/https:\/\/magictowns.al\/wp-content\/uploads\/2024\/10\/Wine-and-Olive-Oil.jpg 18w, https:\/\/ml4ds5noqxtv.i.optimole.com\/cb:nu7s.344e2\/w:900\/h:600\/q:mauto\/g:sm\/f:best\/dpr:2\/https:\/\/magictowns.al\/wp-content\/uploads\/2024\/10\/Wine-and-Olive-Oil.jpg 2x\" sizes=\"(max-width: 900px) 100vw, 900px\" \/><figcaption id=\"caption-attachment-23271\" class=\"wp-caption-text\">Manifestation sur les vins et l'huile d'olive d'Albanie (<a href=\"https:\/\/www.pexels.com\/\" target=\"_blank\" rel=\"noopener\">Source de l'image<\/a>)<\/figcaption><\/figure>\n<p>Le festival de la ville de Berat - ou festival de l'huile d'olive et du vin de Berat - est un festival d'hiver en Albanie. Il se tient dans la ville de Berat, class\u00e9e au patrimoine mondial de l'UNESCO, et c\u00e9l\u00e8bre la production locale d'huile d'olive et de vin.<\/p>\n<p>Bien que je n'aie pas particip\u00e9 \u00e0 ce festival, si vous \u00eates un passionn\u00e9 de gastronomie ou si vous aimez les plats albanais locaux, c'est un \u00e9v\u00e9nement \u00e0 ne pas manquer ! En outre, vous pourrez assister \u00e0 des spectacles culturels et danser sur de la musique locale.<\/p>\n<ul>\n<li><strong>Quand<\/strong>: Novembre<\/li>\n<li><strong>Quelle saison ?\u00a0<\/strong>Festival d'hiver<\/li>\n<\/ul>\n<h3>4. Festival folklorique de Gjirokast\u00ebr<\/h3>\n<figure id=\"attachment_23272\" aria-describedby=\"caption-attachment-23272\" style=\"width: 1024px\" class=\"wp-caption aligncenter\"><img decoding=async data-opt-id=993348479  fetchpriority=\"high\" class=\"size-large wp-image-23272\" src=\"https:\/\/ml4ds5noqxtv.i.optimole.com\/cb:nu7s.344e2\/w:1024\/h:471\/q:mauto\/g:sm\/f:best\/https:\/\/magictowns.al\/wp-content\/uploads\/2024\/10\/Gjirokaster-Folk-Festival-Albania.jpg\" alt=\"Festival folklorique de Gjirokaster Festival d&#039;hiver et d&#039;\u00e9t\u00e9 \" width=\"1024\" height=\"471\" title=\"\" srcset=\"https:\/\/ml4ds5noqxtv.i.optimole.com\/cb:nu7s.344e2\/w:1024\/h:471\/q:mauto\/g:sm\/f:best\/https:\/\/magictowns.al\/wp-content\/uploads\/2024\/10\/Gjirokaster-Folk-Festival-Albania.jpg 1024w, https:\/\/ml4ds5noqxtv.i.optimole.com\/cb:nu7s.344e2\/w:300\/h:138\/q:mauto\/g:sm\/f:best\/https:\/\/magictowns.al\/wp-content\/uploads\/2024\/10\/Gjirokaster-Folk-Festival-Albania.jpg 300w, https:\/\/ml4ds5noqxtv.i.optimole.com\/cb:nu7s.344e2\/w:768\/h:354\/q:mauto\/g:sm\/f:best\/https:\/\/magictowns.al\/wp-content\/uploads\/2024\/10\/Gjirokaster-Folk-Festival-Albania.jpg 768w, https:\/\/ml4ds5noqxtv.i.optimole.com\/cb:nu7s.344e2\/w:18\/h:8\/q:mauto\/g:sm\/f:best\/https:\/\/magictowns.al\/wp-content\/uploads\/2024\/10\/Gjirokaster-Folk-Festival-Albania.jpg 18w, https:\/\/ml4ds5noqxtv.i.optimole.com\/cb:nu7s.344e2\/w:1199\/h:552\/q:mauto\/g:sm\/f:best\/https:\/\/magictowns.al\/wp-content\/uploads\/2024\/10\/Gjirokaster-Folk-Festival-Albania.jpg 1199w, https:\/\/ml4ds5noqxtv.i.optimole.com\/cb:nu7s.344e2\/w:1199\/h:552\/q:mauto\/g:sm\/f:best\/dpr:2\/https:\/\/magictowns.al\/wp-content\/uploads\/2024\/10\/Gjirokaster-Folk-Festival-Albania.jpg 2x\" sizes=\"(max-width: 1024px) 100vw, 1024px\" \/><figcaption id=\"caption-attachment-23272\" class=\"wp-caption-text\">Festival folklorique de Gjirokaster en Albanie (<a href=\"https:\/\/en.wikipedia.org\/wiki\/File:Sc%C3%A8ne_du_chateau_au_Festival_de_Gjirokaster_2023.jpg\" target=\"_blank\" rel=\"noopener\">Source de l'image<\/a>)<\/figcaption><\/figure>\n<p>Tous les\u00a0<strong>5<\/strong> ann\u00e9es, l'un des principaux acteurs culturels de l'Europe. <a class=\"wpil_keyword_link\" title=\"\u00e9v\u00e9nements\" href=\"https:\/\/magictowns.al\/fr\/10-evenements-a-ne-pas-manquer-a-tirana-cet-hiver\/\" data-wpil-keyword-link=\"linked\" data-wpil-monitor-id=\"200\">\u00e9v\u00e9nements<\/a> se tient en Albanie. Rassemblant des personnes de diff\u00e9rents groupes folkloriques, le festival se tient \u00e0 Gjirokast\u00ebr. Gjirokast\u00ebr est une ville prot\u00e9g\u00e9e par l'UNESCO, l'une des plus anciennes villes d'Albanie. <a href=\"https:\/\/magictowns.al\/fr\/les-plus-beaux-endroits-dalbanie\/\">Les plus beaux endroits \u00e0 visiter en Albanie<\/a>.<\/p>\n<p>Avec ses danses, ses spectacles et ses \u0153uvres d'art provenant de la r\u00e9gion des Balkans, ce festival est id\u00e9al pour tous les amateurs de culture ! La premi\u00e8re saison a eu lieu en <strong>1968,\u00a0<\/strong>et la derni\u00e8re s'est tenue en 2023.<\/p>\n<ul>\n<li><strong>Quand :\u00a0<\/strong>Cela d\u00e9pend de la saison<\/li>\n<li><strong>Quelle saison ?\u00a0<\/strong>Peut \u00eatre d'\u00e9t\u00e9 ou d'hiver<\/li>\n<\/ul>\n<h3>5. Dita e Ver\u00ebs (ou SUMMER DAY)<\/h3>\n<figure id=\"attachment_23274\" aria-describedby=\"caption-attachment-23274\" style=\"width: 1024px\" class=\"wp-caption aligncenter\"><img decoding=async data-opt-id=116877800  class=\"size-large wp-image-23274\" src=\"https:\/\/ml4ds5noqxtv.i.optimole.com\/cb:nu7s.344e2\/w:1024\/h:683\/q:mauto\/g:sm\/f:best\/https:\/\/magictowns.al\/wp-content\/uploads\/2024\/10\/Ballokume-Elbasan.jpg\" alt=\"Dessert Ballokume \" width=\"1024\" height=\"683\" title=\"\" srcset=\"https:\/\/ml4ds5noqxtv.i.optimole.com\/cb:nu7s.344e2\/w:1024\/h:683\/q:mauto\/g:sm\/f:best\/https:\/\/magictowns.al\/wp-content\/uploads\/2024\/10\/Ballokume-Elbasan.jpg 1024w, https:\/\/ml4ds5noqxtv.i.optimole.com\/cb:nu7s.344e2\/w:300\/h:200\/q:mauto\/g:sm\/f:best\/https:\/\/magictowns.al\/wp-content\/uploads\/2024\/10\/Ballokume-Elbasan.jpg 300w, https:\/\/ml4ds5noqxtv.i.optimole.com\/cb:nu7s.344e2\/w:768\/h:512\/q:mauto\/g:sm\/f:best\/https:\/\/magictowns.al\/wp-content\/uploads\/2024\/10\/Ballokume-Elbasan.jpg 768w, https:\/\/ml4ds5noqxtv.i.optimole.com\/cb:nu7s.344e2\/w:18\/h:12\/q:mauto\/g:sm\/f:best\/https:\/\/magictowns.al\/wp-content\/uploads\/2024\/10\/Ballokume-Elbasan.jpg 18w, https:\/\/ml4ds5noqxtv.i.optimole.com\/cb:nu7s.344e2\/w:1200\/h:800\/q:mauto\/g:sm\/f:best\/https:\/\/magictowns.al\/wp-content\/uploads\/2024\/10\/Ballokume-Elbasan.jpg 1200w, https:\/\/ml4ds5noqxtv.i.optimole.com\/cb:nu7s.344e2\/w:1200\/h:800\/q:mauto\/g:sm\/f:best\/dpr:2\/https:\/\/magictowns.al\/wp-content\/uploads\/2024\/10\/Ballokume-Elbasan.jpg 2x\" sizes=\"(max-width: 1024px) 100vw, 1024px\" \/><figcaption id=\"caption-attachment-23274\" class=\"wp-caption-text\">Dessert Ballokume consomm\u00e9 en Albanie (<a href=\"https:\/\/www.pexels.com\/\" target=\"_blank\" rel=\"noopener\">Source de l'image<\/a>)<\/figcaption><\/figure>\n<p>Dita e Ver\u00ebs, ou <b>Journ\u00e9e d'\u00e9t\u00e9,<\/b> est une f\u00eate pa\u00efenne traditionnelle c\u00e9l\u00e9br\u00e9e en Albanie \u00e0 partir de la belle ville d'Elbasan. Ce jour-l\u00e0, les gens de partout se rassemblent pour accueillir le printemps et faire la f\u00eate.<\/p>\n<p>Des feux de joie sont allum\u00e9s dans les cours pour \"chasser la saison hivernale et renforcer le soleil\". En outre, le sanctuaire de Diane de Cermenika c\u00e9l\u00e8bre Diane, la d\u00e9esse de la nature. Les principaux rituels consistent \u00e0 se laver les yeux avec des fleurs d'\u00e9t\u00e9 et \u00e0 faire bouillir des \u0153ufs la nuit de la f\u00eate. <strong>13 mars<\/strong>.<\/p>\n<p>En outre, si vous \u00eates gourmand, vous pourrez d\u00e9guster le Ballokume, un dessert unique \u00e0 Elbasan.<\/p>\n<ul>\n<li><strong>Quand : <\/strong>14 mars<\/li>\n<li><strong>Quelle saison ?\u00a0<\/strong>Printemps<\/li>\n<\/ul>\n<h3>6. Festival de la montagne Kruja<\/h3>\n<p>Le Kruja Mountain Festival est un festival d'aventure qui se tient chaque ann\u00e9e \u00e0 Kruja. Il est situ\u00e9 sur le mont Kruja, dans le centre de l'Albanie. Il s'agit d'une c\u00e9l\u00e9bration vibrante des activit\u00e9s de plein air, de la culture albanaise et des mouvements historiques.<\/p>\n<p>Il propose plusieurs spectacles culturels et folkloriques, et vous pouvez d\u00e9couvrir divers produits artisanaux et locaux. <a class=\"wpil_keyword_link\" title=\"cuisine\" href=\"https:\/\/magictowns.al\/fr\/decouvrir-letonnante-cuisine-albanaise\/\" data-wpil-keyword-link=\"linked\" data-wpil-monitor-id=\"164\">cuisine<\/a>. L'une des choses que j'aime le plus dans ce festival, c'est qu'il permet \u00e0 la nature de Kruja de s'\u00e9panouir. <a class=\"wpil_keyword_link\" title=\"points de rep\u00e8re\" href=\"https:\/\/magictowns.al\/fr\/points-de-repere-en-albanie\/\" data-wpil-keyword-link=\"linked\" data-wpil-monitor-id=\"94\">points de rep\u00e8re<\/a> et les paysages l'attention qu'ils m\u00e9ritent.<\/p>\n<ul>\n<li><strong>Quand :\u00a0<\/strong>Juillet \u00e0 septembre (variable)<\/li>\n<li><strong>Quelle saison ?\u00a0<\/strong>L'\u00e9t\u00e9<\/li>\n<\/ul>\n<p>En rapport : Si vous pr\u00e9voyez de visiter la Kruja, voici quelques id\u00e9es sur la fa\u00e7on de la visiter. <a href=\"https:\/\/magictowns.al\/fr\/comment-passer-une-journee-a-kruja\/\">comment y passer une journ\u00e9e<\/a>.<\/p>\n<h3>7. Festival de Kala<\/h3>\n<figure id=\"attachment_23276\" aria-describedby=\"caption-attachment-23276\" style=\"width: 505px\" class=\"wp-caption alignnone\"><img decoding=async data-opt-id=7245073  class=\"wp-image-23276 size-full\" src=\"https:\/\/ml4ds5noqxtv.i.optimole.com\/cb:nu7s.344e2\/w:auto\/h:auto\/q:mauto\/g:sm\/f:best\/https:\/\/magictowns.al\/wp-content\/uploads\/2024\/10\/Kala-Festival-.jpg\" alt=\"Festival de Kala \" width=\"505\" height=\"347\" title=\"\" srcset=\"https:\/\/ml4ds5noqxtv.i.optimole.com\/cb:nu7s.344e2\/w:505\/h:347\/q:mauto\/g:sm\/f:best\/https:\/\/magictowns.al\/wp-content\/uploads\/2024\/10\/Kala-Festival-.jpg 505w, https:\/\/ml4ds5noqxtv.i.optimole.com\/cb:nu7s.344e2\/w:300\/h:206\/q:mauto\/g:sm\/f:best\/https:\/\/magictowns.al\/wp-content\/uploads\/2024\/10\/Kala-Festival-.jpg 300w, https:\/\/ml4ds5noqxtv.i.optimole.com\/cb:nu7s.344e2\/w:18\/h:12\/q:mauto\/g:sm\/f:best\/https:\/\/magictowns.al\/wp-content\/uploads\/2024\/10\/Kala-Festival-.jpg 18w, https:\/\/ml4ds5noqxtv.i.optimole.com\/cb:nu7s.344e2\/w:505\/h:347\/q:mauto\/g:sm\/f:best\/dpr:2\/https:\/\/magictowns.al\/wp-content\/uploads\/2024\/10\/Kala-Festival-.jpg 2x\" sizes=\"(max-width: 505px) 100vw, 505px\" \/><figcaption id=\"caption-attachment-23276\" class=\"wp-caption-text\">C\u00e9l\u00e9brations du festival de Kala (<a href=\"https:\/\/www.instagram.com\/kalafestival\/p\/C2Kz5GpIS2U\/\" target=\"_blank\" rel=\"noopener\">Source de l'image<\/a>)<\/figcaption><\/figure>\n<p>Organis\u00e9 \u00e0 Dh\u00ebrmi, sur la Riviera albanaise, le Kala Festival est un festival de musique \u00e9lectronique d'une semaine qui se d\u00e9roule sur un site \u00e0 couper le souffle. <a class=\"wpil_keyword_link\" title=\"plages\" href=\"https:\/\/magictowns.al\/fr\/les-meilleures-plages-dalbanie-pour-2025\/\" data-wpil-keyword-link=\"linked\" data-wpil-monitor-id=\"150\">plages<\/a> de la Riviera albanaise. Des artistes et des DJ internationaux vous r\u00e9unissent, vous et vos proches, autour de la musique !<\/p>\n<p>Si vous aimez profond\u00e9ment la musique \u00e9lectronique, y compris l'EDM, \u00e9coutez les basses tomber pendant que vous admirez l'Albanie en avant et profitez de l'un des meilleurs festivals d'\u00e9t\u00e9 en Albanie !<\/p>\n<ul>\n<li><strong>Quand :\u00a0<\/strong>Juin<\/li>\n<li><strong>Quelle saison ?\u00a0<\/strong>Milieu de l'\u00e9t\u00e9<\/li>\n<\/ul>\n<h3>8. Festival international du film de Tirana<\/h3>\n<figure id=\"attachment_23277\" aria-describedby=\"caption-attachment-23277\" style=\"width: 808px\" class=\"wp-caption aligncenter\"><img decoding=async data-opt-id=1189310672  class=\"size-full wp-image-23277\" src=\"https:\/\/ml4ds5noqxtv.i.optimole.com\/cb:nu7s.344e2\/w:auto\/h:auto\/q:mauto\/g:sm\/f:best\/https:\/\/magictowns.al\/wp-content\/uploads\/2024\/10\/TIFF-Features-.jpg\" alt=\"Affiche du festival international du film de Tirana\" width=\"808\" height=\"726\" title=\"\" srcset=\"https:\/\/ml4ds5noqxtv.i.optimole.com\/cb:nu7s.344e2\/w:808\/h:726\/q:mauto\/g:sm\/f:best\/https:\/\/magictowns.al\/wp-content\/uploads\/2024\/10\/TIFF-Features-.jpg 808w, https:\/\/ml4ds5noqxtv.i.optimole.com\/cb:nu7s.344e2\/w:300\/h:270\/q:mauto\/g:sm\/f:best\/https:\/\/magictowns.al\/wp-content\/uploads\/2024\/10\/TIFF-Features-.jpg 300w, https:\/\/ml4ds5noqxtv.i.optimole.com\/cb:nu7s.344e2\/w:768\/h:690\/q:mauto\/g:sm\/f:best\/https:\/\/magictowns.al\/wp-content\/uploads\/2024\/10\/TIFF-Features-.jpg 768w, https:\/\/ml4ds5noqxtv.i.optimole.com\/cb:nu7s.344e2\/w:13\/h:12\/q:mauto\/g:sm\/f:best\/https:\/\/magictowns.al\/wp-content\/uploads\/2024\/10\/TIFF-Features-.jpg 13w, https:\/\/ml4ds5noqxtv.i.optimole.com\/cb:nu7s.344e2\/w:808\/h:726\/q:mauto\/g:sm\/f:best\/dpr:2\/https:\/\/magictowns.al\/wp-content\/uploads\/2024\/10\/TIFF-Features-.jpg 2x\" sizes=\"(max-width: 808px) 100vw, 808px\" \/><figcaption id=\"caption-attachment-23277\" class=\"wp-caption-text\">Affiche du festival international du film de Tirana (<a href=\"https:\/\/tiranafilmfest.org\/wp-content\/uploads\/2022\/07\/Fb-KIDs_TIFF-2024_C_1200%C3%97630pxl.jpg\" target=\"_blank\" rel=\"noopener\">Source de l'image<\/a>)<\/figcaption><\/figure>\n<p>Le Festival international du film de Tirana est un \u00e9v\u00e9nement cin\u00e9matographique annuel qui se tient \u00e0 Tirana, en Albanie, et qui propose un programme riche. Accueilli depuis\u00a0<strong>22<\/strong> En effet, les ann\u00e9es pr\u00e9c\u00e9dentes, ce n'est pas un \u00e9v\u00e9nement populaire qui r\u00e9unit des cin\u00e9astes et des metteurs en sc\u00e8ne du monde entier.<\/p>\n<p>Cr\u00e9\u00e9 en\u00a0<strong>2003<\/strong>Le TIFF vise \u00e0 faire de l'Albanie un centre culturel du cin\u00e9ma ind\u00e9pendant avec des productions cin\u00e9matographiques internationales en son centre. En outre, le festival re\u00e7oit chaque ann\u00e9e des milliers de propositions de 120 pays par l'interm\u00e9diaire de portails en ligne. Le festival pr\u00e9sente :<\/p>\n<ul>\n<li>Longs m\u00e9trages<\/li>\n<li>Documentaires<\/li>\n<li>PerspecTIFFs<\/li>\n<li>Animations<\/li>\n<li>Films d'\u00e9tudiants<\/li>\n<li>Balkna Filmes<\/li>\n<li>Art vid\u00e9o et films exp\u00e9rimentaux<\/li>\n<li>Th\u00e9\u00e2tre pour enfants<\/li>\n<\/ul>\n<h3>9. festival unum<\/h3>\n<p>Festival de musique techno et \u00e9lectronique bas\u00e9 \u00e0 Sh\u00ebngjin. Le festival est un m\u00e9lange d'environnements \u00e9clectiques et de bord de mer, avec des DJ de classe mondiale jouant toutes sortes de chansons !<\/p>\n<p>Si faire la f\u00eate fait partie de votre liste de choses \u00e0 faire pendant que vous \u00eates \u00e0 l'\u00e9tranger, vous pouvez vous rendre \u00e0 l'\u00e9tranger pour faire la f\u00eate. <a class=\"wpil_keyword_link\" title=\"visiter l&#039;Albanie\" href=\"https:\/\/magictowns.al\/fr\/premiere-visite-en-albanie\/\" data-wpil-keyword-link=\"linked\" data-wpil-monitor-id=\"169\">visiter l'Albanie<\/a>Le festival de Sh\u00ebngjin est un \u00e9v\u00e9nement \u00e0 ne pas manquer ! Le festival vous accueille avec les magnifiques paysages de Sh\u00ebngjin et de la musique qui fait vibrer l'\u00e2me.<\/p>\n<ul>\n<li><strong>Quand :\u00a0<\/strong>Juin<\/li>\n<li><strong>Quelle saison ?\u00a0<\/strong>L'\u00e9t\u00e9<\/li>\n<\/ul>\n<h3>10. Dokufest<\/h3>\n<p>Le Dokufest - ou festival du film documentaire de Prizren - est un festival du film centr\u00e9 sur l'Albanie qui se tient \u00e0 Prizren. Bien qu'il ne soit pas bas\u00e9 en Albanie, il attire de nombreux habitants de cette r\u00e9gion.<\/p>\n<p>De plus, il s'agit de l'un des festivals de documentaires, d'art et de cin\u00e9ma les plus respect\u00e9s dans les Balkans. Il permet \u00e0 de nombreux cin\u00e9astes et r\u00e9alisateurs locaux et internationaux de pr\u00e9senter leur talent.<\/p>\n<p>Vous souhaitez participer \u00e0 un atelier ? Consid\u00e9rez-vous comme chanceux ! Dokufest organise \u00e9galement plusieurs ateliers et d\u00e9bats afin de promouvoir les r\u00e9alisateurs et artistes prometteurs.<\/p>\n<ul>\n<li><strong>Quand :\u00a0<\/strong>Ao\u00fbt<\/li>\n<li><strong>Quelle saison ?\u00a0<\/strong>L'\u00e9t\u00e9<\/li>\n<\/ul>\n<h3>11. Carnaval de Kor\u00e7a<\/h3>\n<figure id=\"attachment_23280\" aria-describedby=\"caption-attachment-23280\" style=\"width: 640px\" class=\"wp-caption aligncenter\"><img decoding=async data-opt-id=1680857988  class=\"wp-image-23280 size-full\" src=\"https:\/\/ml4ds5noqxtv.i.optimole.com\/cb:nu7s.344e2\/w:auto\/h:auto\/q:mauto\/g:sm\/f:best\/https:\/\/magictowns.al\/wp-content\/uploads\/2024\/10\/Wear-Creative-Masks-During-the-Festival-1.jpg\" alt=\"Costumes dans les festivals en Albanie \" width=\"640\" height=\"428\" title=\"\" srcset=\"https:\/\/ml4ds5noqxtv.i.optimole.com\/cb:nu7s.344e2\/w:640\/h:428\/q:mauto\/g:sm\/f:best\/https:\/\/magictowns.al\/wp-content\/uploads\/2024\/10\/Wear-Creative-Masks-During-the-Festival-1.jpg 640w, https:\/\/ml4ds5noqxtv.i.optimole.com\/cb:nu7s.344e2\/w:300\/h:201\/q:mauto\/g:sm\/f:best\/https:\/\/magictowns.al\/wp-content\/uploads\/2024\/10\/Wear-Creative-Masks-During-the-Festival-1.jpg 300w, https:\/\/ml4ds5noqxtv.i.optimole.com\/cb:nu7s.344e2\/w:18\/h:12\/q:mauto\/g:sm\/f:best\/https:\/\/magictowns.al\/wp-content\/uploads\/2024\/10\/Wear-Creative-Masks-During-the-Festival-1.jpg 18w, https:\/\/ml4ds5noqxtv.i.optimole.com\/cb:nu7s.344e2\/w:640\/h:428\/q:mauto\/g:sm\/f:best\/dpr:2\/https:\/\/magictowns.al\/wp-content\/uploads\/2024\/10\/Wear-Creative-Masks-During-the-Festival-1.jpg 2x\" sizes=\"(max-width: 640px) 100vw, 640px\" \/><figcaption id=\"caption-attachment-23280\" class=\"wp-caption-text\">Porter des masques cr\u00e9atifs pendant le festival (<a href=\"https:\/\/www.pexels.com\/\" target=\"_blank\" rel=\"noopener\">Source de l'image<\/a>)<\/figcaption><\/figure>\n<p>C\u00e9l\u00e9bration de la tradition, le carnaval de Kor\u00e7a se tient dans l'est de l'Albanie, plus pr\u00e9cis\u00e9ment \u00e0 Kor\u00e7a. C'est un \u00e9v\u00e9nement vibrant qui r\u00e9unit art, divertissement et tradition, attirant les visiteurs et les habitants qui cherchent \u00e0 s'amuser. <a href=\"https:\/\/magictowns.al\/fr\/explorez-lalbanie-une-destination-touristique-emergente-a-la-beaute-intacte-un-potentiel-dinvestissement\/\">D\u00e9couvrez la beaut\u00e9 de l'Albanie<\/a> et un riche patrimoine culturel.<\/p>\n<p>L'un des moments forts du carnaval que je pr\u00e9f\u00e8re est le grand d\u00e9fil\u00e9. Vous pouvez rev\u00eatir des costumes d\u00e9coratifs et porter des masques pour dissimuler votre identit\u00e9. En ce qui concerne la musique, un m\u00e9lange d'orchestres et de groupes folkloriques se r\u00e9unissent pour jouer de la musique albanaise traditionnelle.<\/p>\n<p>En tant qu'\u00e9v\u00e9nement communautaire, vous trouverez presque toujours des organisations culturelles et des entreprises locales qui contribuent au festival. Il est int\u00e9ressant de noter que les racines de ce festival sont li\u00e9es \u00e0 un m\u00e9lange de c\u00e9l\u00e9brations chr\u00e9tiennes et de rituels pa\u00efens, marquant le changement de saison.<\/p>\n<ul>\n<li><strong>Quand :\u00a0<\/strong>F\u00e9vrier<\/li>\n<li><strong>Quelle saison ?\u00a0<\/strong>L'hiver<\/li>\n<\/ul>\n<h3>Conclusion<\/h3>\n<p>La popularit\u00e9 croissante de l'Albanie en tant que pays ax\u00e9 sur l'\u00e9cotourisme en a fait une plaque tournante de la culture et des festivals. Invitant des DJ internationaux, des cin\u00e9astes, des artistes et des interpr\u00e8tes du monde entier, ces festivals en Albanie sont le moyen id\u00e9al de passer du temps sur place !<\/p>\n<p>Ne manquez pas de vous amuser et de vous faire de bons souvenirs ! N'oubliez pas non plus de me dire ce que vous pensez de ces endroits dans les commentaires !<\/p>\n\n\t\t\t<div id=\"daexthefu-container\"\n\t\t\t\tclass=\"daexthefu-container daexthefu-layout-side-by-side daexthefu-alignment-center\"\n\t\t\t\tdata-post-id=\"23269\">\n\n\t\t\t\t<div class=\"daexthefu-feedback\">\n\t\t\t\t\t<div class=\"daexthefu-text\">\n\t\t\t\t\t\t<div class=\"daexthefu-title\">Cela a-t-il \u00e9t\u00e9 utile ?<\/div>\n\t\t\t\t\t<\/div>\n\t\t\t\t\t<div class=\"daexthefu-buttons-container\">\n\t\t\t\t\t\t<div class=\"daexthefu-buttons\">\n\t\t\t\t\t\t\t\r\n\t\t\t<div class=\"daexthefu-yes daexthefu-button daexthefu-button-type-text\" data-value=\"1\">\r\n\t\t\t\t<div class=\"daexthefu-button-text\">\u2705 Oui<\/div>\r\n\t\t\t<\/div>\r\n\r\n\t\t\t\t\t\t\t\t\t\t\r\n\t\t\t<div class=\"daexthefu-no daexthefu-button daexthefu-button-type-text\" data-value=\"0\">\r\n\t\t\t\t<div class=\"daexthefu-button-text\">\u274c Non<\/div>\r\n\t\t\t<\/div>\r\n\r\n\t\t\t\t\t\t\t\t\t<\/div>\n\t\t\t\t\t<\/div>\n\t\t\t\t<\/div>\n\n\t\t\t\t<div class=\"daexthefu-comment\">\n\t\t\t\t\t<div class=\"daexthefu-comment-top-container\">\n\t\t\t\t\t\t<label id=\"daexthefu-comment-label\" class=\"daexthefu-comment-label\"><\/label>\n\t\t\t\t\t\t\t\t\t\t\t\t\t<div class=\"daexthefu-comment-character-counter-container\">\n\t\t\t\t\t\t\t\t<div id=\"daexthefu-comment-character-counter-number\"\n\t\t\t\t\t\t\t\t\tclass=\"daexthefu-comment-character-counter-number\"><\/div>\n\t\t\t\t\t\t\t\t<div class=\"daexthefu-comment-character-counter-text\"><\/div>\n\t\t\t\t\t\t\t<\/div>\n\t\t\t\t\t\t\t\t\t\t\t<\/div>\n\t\t\t\t\t<textarea id=\"daexthefu-comment-textarea\" class=\"daexthefu-comment-textarea\"\n\t\t\t\t\t\t\t\tplaceholder=\"Tapez votre message\"\n\t\t\t\t\t\t\t\tmaxlength=\"\t\t\t\t\t\t\t\t400\t\t\t\t\t\t\t\t\t\"><\/textarea>\n\t\t\t\t\t<div class=\"daexthefu-comment-buttons-container\">\n\t\t\t\t\t\t<button class=\"daexthefu-comment-submit daexthefu-button\">Soumettre<\/button>\n\t\t\t\t\t\t<button class=\"daexthefu-comment-cancel daexthefu-button\">Annuler<\/button>\n\t\t\t\t\t<\/div>\n\t\t\t\t<\/div>\n\n\t\t\t\t<div class=\"daexthefu-successful-submission-text\">Merci pour vos commentaires !<\/div>\n\n\t\t\t<\/div>","protected":false},"excerpt":{"rendered":"<p>Mon guide des 11 meilleurs festivals d'Albanie couvre tous les domaines, des festivals de musique aux c\u00e9l\u00e9brations folkloriques. Participez-y pour passer un bon moment ! <\/p>","protected":false},"author":3,"featured_media":23287,"comment_status":"closed","ping_status":"open","sticky":false,"template":"single-fullwidth.php","format":"standard","meta":{"_acf_changed":false,"_helpful_status":1,"footnotes":"","_wpscp_schedule_draft_date":"","_wpscp_schedule_republish_date":"","_wpscppro_advance_schedule":false,"_wpscppro_advance_schedule_date":"","_wpscppro_dont_share_socialmedia":null,"_wpscppro_custom_social_share_image":0,"_facebook_share_type":"default","_twitter_share_type":"default","_linkedin_share_type":"default","_pinterest_share_type":"default","_linkedin_share_type_page":"","_instagram_share_type":"default","_medium_share_type":"default","_threads_share_type":"","_google_business_share_type":"","_selected_social_profile":[],"_wpsp_enable_custom_social_template":false,"_wpsp_social_scheduling":{"enabled":false,"datetime":null,"platforms":[],"status":"template_only","dateOption":"today","timeOption":"now","customDays":"","customHours":"","customDate":"","customTime":"","schedulingType":"absolute"},"_wpsp_active_default_template":true},"categories":[34,32],"tags":[535,558,539],"class_list":{"0":"post-23269","1":"post","2":"type-post","3":"status-publish","4":"format-standard","5":"has-post-thumbnail","7":"category-travel","8":"category-culture","9":"tag-activities","10":"tag-albania","11":"tag-traditions"},"acf":[],"menu_order":0,"_links":{"self":[{"href":"https:\/\/magictowns.al\/fr\/wp-json\/wp\/v2\/posts\/23269","targetHints":{"allow":["GET"]}}],"collection":[{"href":"https:\/\/magictowns.al\/fr\/wp-json\/wp\/v2\/posts"}],"about":[{"href":"https:\/\/magictowns.al\/fr\/wp-json\/wp\/v2\/types\/post"}],"author":[{"embeddable":true,"href":"https:\/\/magictowns.al\/fr\/wp-json\/wp\/v2\/users\/3"}],"replies":[{"embeddable":true,"href":"https:\/\/magictowns.al\/fr\/wp-json\/wp\/v2\/comments?post=23269"}],"version-history":[{"count":18,"href":"https:\/\/magictowns.al\/fr\/wp-json\/wp\/v2\/posts\/23269\/revisions"}],"predecessor-version":[{"id":24628,"href":"https:\/\/magictowns.al\/fr\/wp-json\/wp\/v2\/posts\/23269\/revisions\/24628"}],"wp:featuredmedia":[{"embeddable":true,"href":"https:\/\/magictowns.al\/fr\/wp-json\/wp\/v2\/media\/23287"}],"wp:attachment":[{"href":"https:\/\/magictowns.al\/fr\/wp-json\/wp\/v2\/media?parent=23269"}],"wp:term":[{"taxonomy":"category","embeddable":true,"href":"https:\/\/magictowns.al\/fr\/wp-json\/wp\/v2\/categories?post=23269"},{"taxonomy":"post_tag","embeddable":true,"href":"https:\/\/magictowns.al\/fr\/wp-json\/wp\/v2\/tags?post=23269"}],"curies":[{"name":"wp","href":"https:\/\/api.w.org\/{rel}","templated":true}]}}