{"id":22073,"date":"2024-08-01T12:49:58","date_gmt":"2024-08-01T10:49:58","guid":{"rendered":"https:\/\/magictowns.al\/?p=22073"},"modified":"2025-01-12T07:11:05","modified_gmt":"2025-01-12T06:11:05","slug":"la-quete-de-leurope-dans-les-balkans","status":"publish","type":"post","link":"https:\/\/magictowns.al\/fr\/the-quest-for-europe-in-the-balkans\/","title":{"rendered":"La qu\u00eate de l'Europe dans les Balkans"},"content":{"rendered":"<p>Cette br\u00e8ve analyse est inspir\u00e9e de l'article \"La qu\u00eate d'Europe dans les Balkans\" de Ouest-France. Nous remercions tout particuli\u00e8rement Patrick Bernard d'avoir attir\u00e9 notre attention sur cet article perspicace.<\/p>\r\n\r\n\r\n\r\n<p>L'article intitul\u00e9 \"Point de vue. La qu\u00eate d'Europe dans les Balkans\", publi\u00e9 par Ouest-France, analyse le parcours des pays des Balkans vers l'int\u00e9gration europ\u00e9enne. Cet article donne un aper\u00e7u des facteurs historiques, politiques et socio-\u00e9conomiques qui influencent l'aspiration de la r\u00e9gion \u00e0 rejoindre l'Union europ\u00e9enne.<\/p>\r\n\r\n\r\n\r\n<p>Voici quelques-uns des facteurs qui ont influenc\u00e9 le parcours des pays des Balkans vers l'objectif ultime bien connu, l'int\u00e9gration europ\u00e9enne.<\/p>\r\n\r\n\r\n\r\n<h3 class=\"wp-block-heading\">Contexte historique<\/h3>\r\n\r\n\r\n\r\n<p>Les Balkans, souvent consid\u00e9r\u00e9s comme le carrefour de l'Europe, ont une histoire marqu\u00e9e par les conflits et la diversit\u00e9 culturelle. Ce pass\u00e9 complexe continue de fa\u00e7onner les efforts actuels de la r\u00e9gion pour s'aligner sur les normes et les valeurs europ\u00e9ennes. L'h\u00e9ritage des guerres de Yougoslavie, en particulier, reste un obstacle important \u00e0 l'unit\u00e9 et au progr\u00e8s.<\/p>\r\n\r\n\r\n\r\n<p>Le pr\u00e9sent <a href=\"file:\/\/\/C:\/Users\/User\/Downloads\/0.2.%20Western%20Balkans%20Crossroads%20of%20Civilisations%20Concept%20and%20List%20of%20Locations.pdf\">mat\u00e9riel d'information<\/a> du Conseil de coop\u00e9ration r\u00e9gionale nous en dit plus sur l'origine de ce projet.<\/p>\r\n\r\n\r\n\r\n<h3 class=\"wp-block-heading\">D\u00e9fis politiques<\/h3>\r\n\r\n\r\n\r\n<p>Sur le plan politique, les pays des Balkans sont confront\u00e9s \u00e0 certains d\u00e9fis sur la voie de l'adh\u00e9sion \u00e0 l'UE. La corruption, la faible gouvernance et l'instabilit\u00e9 politique sont consid\u00e9r\u00e9es comme des obstacles majeurs. Les crit\u00e8res d'adh\u00e9sion rigoureux de l'UE exigent de ces nations qu'elles entreprennent des r\u00e9formes globales, qui se heurtent souvent aux pratiques et aux int\u00e9r\u00eats locaux.<\/p>\r\n\r\n\r\n\r\n<h3 class=\"wp-block-heading\">Luttes socio-\u00e9conomiques<\/h3>\r\n\r\n\r\n\r\n<p>Sur le plan \u00e9conomique, la r\u00e9gion est confront\u00e9e \u00e0 des taux de ch\u00f4mage \u00e9lev\u00e9s, \u00e0 la pauvret\u00e9 et \u00e0 des infrastructures sous-d\u00e9velopp\u00e9es. Si l'adh\u00e9sion \u00e0 l'UE promet des avantages \u00e9conomiques, la p\u00e9riode de transition implique des ajustements et des investissements substantiels. La fracture socio-\u00e9conomique entre les Balkans et les \u00c9tats membres actuels de l'UE est un facteur essentiel dans le d\u00e9bat sur l'\u00e9largissement.<\/p>\r\n\r\n\r\n\r\n<h3 class=\"wp-block-heading\">Le r\u00f4le de l'UE<\/h3>\r\n\r\n\r\n\r\n<p>Les politiques prudentes et parfois incoh\u00e9rentes de l'UE en mati\u00e8re d'\u00e9largissement ont suscit\u00e9 frustration et scepticisme dans la r\u00e9gion. La n\u00e9cessit\u00e9 d'une strat\u00e9gie de l'UE plus coh\u00e9rente et plus favorable est soulign\u00e9e comme fondamentale pour maintenir la cr\u00e9dibilit\u00e9 du processus d'adh\u00e9sion.<\/p>\r\n\r\n\r\n\r\n<p>Cependant, malgr\u00e9 ces d\u00e9fis, l'int\u00e9gration europ\u00e9enne des Balkans n'est pas seulement b\u00e9n\u00e9fique pour la r\u00e9gion, mais aussi pour la stabilit\u00e9 et la prosp\u00e9rit\u00e9 de l'Europe dans son ensemble. L'h\u00e9ritage culturel commun et la proximit\u00e9 g\u00e9ographique font des Balkans une partie int\u00e9grante de la famille europ\u00e9enne. C'est pourquoi le renforcement des liens avec l'UE peut favoriser la paix, la d\u00e9mocratie et la croissance \u00e9conomique dans cette r\u00e9gion historiquement instable.<\/p>\r\n\r\n\r\n\r\n<h3 class=\"wp-block-heading\">Conclusion<\/h3>\r\n\r\n\r\n\r\n<p>La qu\u00eate de l'Europe dans les Balkans est un voyage complexe et multiforme qui devrait se poursuivre pendant un certain temps. Malgr\u00e9 les d\u00e9fis et le potentiel de la r\u00e9gion en la mati\u00e8re, il est clair que des efforts soutenus et une coop\u00e9ration mutuelle sont essentiels pour concr\u00e9tiser la vision d'une Europe unie. L'engagement en faveur d'un avenir commun offre un horizon prometteur pour les Balkans.<\/p>\r\n\r\n\r\n\r\n<p>Il ne nous reste plus qu'\u00e0 esp\u00e9rer que les valeurs partag\u00e9es de la d\u00e9mocratie, des droits de l'homme et du respect mutuel guideront finalement les Balkans vers une Europe unie.<\/p>\r\n\r\n\t\t\t<div id=\"daexthefu-container\"\r\n\t\t\t\tclass=\"daexthefu-container daexthefu-layout-side-by-side daexthefu-alignment-center\"\r\n\t\t\t\tdata-post-id=\"22073\">\r\n\r\n\t\t\t\t<div class=\"daexthefu-feedback\">\r\n\t\t\t\t\t<div class=\"daexthefu-text\">\r\n\t\t\t\t\t\t<h3 class=\"daexthefu-title\">Cela a-t-il \u00e9t\u00e9 utile ?<\/h3>\r\n\t\t\t\t\t<\/div>\r\n\t\t\t\t\t<div class=\"daexthefu-buttons-container\">\r\n\t\t\t\t\t\t<div class=\"daexthefu-buttons\">\r\n\t\t\t\t\t\t\t\r\n\t\t\t<div class=\"daexthefu-yes daexthefu-button daexthefu-button-type-text\" data-value=\"1\">\r\n\t\t\t\t<div class=\"daexthefu-button-text\">\u2705 Oui<\/div>\r\n\t\t\t<\/div>\r\n\r\n\t\t\t\t\t\t\t\t\t\t\r\n\t\t\t<div class=\"daexthefu-no daexthefu-button daexthefu-button-type-text\" data-value=\"0\">\r\n\t\t\t\t<div class=\"daexthefu-button-text\">\u274c Non<\/div>\r\n\t\t\t<\/div>\r\n\r\n\t\t\t\t\t\t\t\t\t<\/div>\r\n\t\t\t\t\t<\/div>\r\n\t\t\t\t<\/div>\r\n\r\n\t\t\t\t<div class=\"daexthefu-comment\">\r\n\t\t\t\t\t<div class=\"daexthefu-comment-top-container\">\r\n\t\t\t\t\t\t<label id=\"daexthefu-comment-label\" class=\"daexthefu-comment-label\"><\/label>\r\n\t\t\t\t\t\t\t\t\t\t\t\t\t<div class=\"daexthefu-comment-character-counter-container\">\r\n\t\t\t\t\t\t\t\t<div id=\"daexthefu-comment-character-counter-number\"\r\n\t\t\t\t\t\t\t\t\tclass=\"daexthefu-comment-character-counter-number\"><\/div>\r\n\t\t\t\t\t\t\t\t<div class=\"daexthefu-comment-character-counter-text\"><\/div>\r\n\t\t\t\t\t\t\t<\/div>\r\n\t\t\t\t\t\t\t\t\t\t\t<\/div>\r\n\t\t\t\t\t<textarea id=\"daexthefu-comment-textarea\" class=\"daexthefu-comment-textarea\"\r\n\t\t\t\t\t\t\t\tplaceholder=\"Tapez votre message\"\r\n\t\t\t\t\t\t\t\tmaxlength=\"\t\t\t\t\t\t\t\t400\t\t\t\t\t\t\t\t\t\"><\/textarea>\r\n\t\t\t\t\t<div class=\"daexthefu-comment-buttons-container\">\r\n\t\t\t\t\t\t<button class=\"daexthefu-comment-submit daexthefu-button\">Soumettre<\/button>\r\n\t\t\t\t\t\t<button class=\"daexthefu-comment-cancel daexthefu-button\">Annuler<\/button>\r\n\t\t\t\t\t<\/div>\r\n\t\t\t\t<\/div>\r\n\r\n\t\t\t\t<div class=\"daexthefu-successful-submission-text\">Merci pour vos commentaires !<\/div>\r\n\r\n\t\t\t<\/div>","protected":false},"excerpt":{"rendered":"<p>D\u00e9couvrez le parcours des Balkans vers l'int\u00e9gration europ\u00e9enne, inspir\u00e9 par l'article \"La qu\u00eate d'Europe dans les Balkans\" de Ouest-France. <\/p>","protected":false},"author":3,"featured_media":22080,"comment_status":"closed","ping_status":"open","sticky":false,"template":"single-fullwidth.php","format":"standard","meta":{"_acf_changed":false,"_helpful_status":1,"footnotes":"","_wpscp_schedule_draft_date":"","_wpscp_schedule_republish_date":"","_wpscppro_advance_schedule":false,"_wpscppro_advance_schedule_date":"","_wpscppro_dont_share_socialmedia":null,"_wpscppro_custom_social_share_image":0,"_facebook_share_type":"default","_twitter_share_type":"default","_linkedin_share_type":"default","_pinterest_share_type":"default","_linkedin_share_type_page":"default","_instagram_share_type":"default","_medium_share_type":"default","_threads_share_type":"","_google_business_share_type":"","_selected_social_profile":[],"_wpsp_enable_custom_social_template":false,"_wpsp_social_scheduling":{"enabled":false,"datetime":null,"platforms":[],"status":"template_only","dateOption":"today","timeOption":"now","customDays":"","customHours":"","customDate":"","customTime":"","schedulingType":"absolute"},"_wpsp_active_default_template":true},"categories":[32],"tags":[],"class_list":{"0":"post-22073","1":"post","2":"type-post","3":"status-publish","4":"format-standard","5":"has-post-thumbnail","7":"category-culture"},"acf":[],"menu_order":0,"_links":{"self":[{"href":"https:\/\/magictowns.al\/fr\/wp-json\/wp\/v2\/posts\/22073","targetHints":{"allow":["GET"]}}],"collection":[{"href":"https:\/\/magictowns.al\/fr\/wp-json\/wp\/v2\/posts"}],"about":[{"href":"https:\/\/magictowns.al\/fr\/wp-json\/wp\/v2\/types\/post"}],"author":[{"embeddable":true,"href":"https:\/\/magictowns.al\/fr\/wp-json\/wp\/v2\/users\/3"}],"replies":[{"embeddable":true,"href":"https:\/\/magictowns.al\/fr\/wp-json\/wp\/v2\/comments?post=22073"}],"version-history":[{"count":5,"href":"https:\/\/magictowns.al\/fr\/wp-json\/wp\/v2\/posts\/22073\/revisions"}],"predecessor-version":[{"id":24636,"href":"https:\/\/magictowns.al\/fr\/wp-json\/wp\/v2\/posts\/22073\/revisions\/24636"}],"wp:featuredmedia":[{"embeddable":true,"href":"https:\/\/magictowns.al\/fr\/wp-json\/wp\/v2\/media\/22080"}],"wp:attachment":[{"href":"https:\/\/magictowns.al\/fr\/wp-json\/wp\/v2\/media?parent=22073"}],"wp:term":[{"taxonomy":"category","embeddable":true,"href":"https:\/\/magictowns.al\/fr\/wp-json\/wp\/v2\/categories?post=22073"},{"taxonomy":"post_tag","embeddable":true,"href":"https:\/\/magictowns.al\/fr\/wp-json\/wp\/v2\/tags?post=22073"}],"curies":[{"name":"wp","href":"https:\/\/api.w.org\/{rel}","templated":true}]}}