{"id":23146,"date":"2024-09-30T20:25:14","date_gmt":"2024-09-30T18:25:14","guid":{"rendered":"https:\/\/magictowns.al\/?p=23146"},"modified":"2025-10-01T10:18:53","modified_gmt":"2025-10-01T08:18:53","slug":"beruhmte-menschen-aus-albanien","status":"publish","type":"post","link":"https:\/\/magictowns.al\/de\/famous-people-from-albania\/","title":{"rendered":"Top 5 Ber\u00fchmte Menschen aus Albanien, die Sie kennen sollten"},"content":{"rendered":"<p>Die albanische Geschichte ist reich an Menschen, die sich f\u00fcr die Menschen in ihrem Land einsetzten und ihre Traditionen in der ganzen Welt bekannt machten. Es gibt viele ber\u00fchmte Pers\u00f6nlichkeiten aus Albanien, aber ich werde einige auf meiner Liste hinzuf\u00fcgen, die einen ganz besonderen Platz in der Geschichte Albaniens unter den ber\u00fchmten Pers\u00f6nlichkeiten verdienen.<\/p>\n<h2>Mutter Teresa<\/h2>\n<p>Am 26. August 1910 wurde der Welt ein sehr liebensw\u00fcrdiges und gro\u00dfz\u00fcgiges Kind namens Anjez\u00eb Gonxhe Bojaxhiu in Skopje, der heutigen Hauptstadt von Nordmazedonien, geschenkt. Ihre Eltern stammten aus Albanien, und das spielte eine ganz besondere Rolle f\u00fcr ihre Identit\u00e4t. Sie wurde als Nonne ausgebildet und sp\u00e4ter Mutter Teresa genannt.<\/p>\n<p>Sie ging nach Indien und lernte viele neue Aufgaben, unter anderem das Unterrichten von Schulm\u00e4dchen. Mutter Teresa war g\u00fctig und gro\u00dfz\u00fcgig; sie hatte ein Herz f\u00fcr arme Menschen. Sie k\u00fcmmerte sich leidenschaftlich um sie und gr\u00fcndete deshalb 1950 die Missionaries of Charity. Diese Organisation setzt sich auch heute noch f\u00fcr die Armen ein, und die Welt hat sie sehr verehrt.<\/p>\n<p>Auf <strong>5. September<\/strong> eines jeden Jahres wird der Mutter-Teresa-Tag gefeiert. Die albanische Regierung unterst\u00fctzt ihr Verm\u00e4chtnis. Der internationale Mutter-Teresa-Preis wird von der albanischen Regierung an diejenigen verliehen, die sich f\u00fcr die Verbesserung des menschlichen Lebens einsetzen und Wohlstand in das Leben derer bringen, die leiden. Eine Statue von ihr wurde in Albanien enth\u00fcllt. <a href=\"https:\/\/magictowns.al\/de\/stadt\/tirana-2\/\">Tirana<\/a>in der Hauptstadt Albaniens im Jahr 2001, um ihre Bem\u00fchungen um die Menschheit zu w\u00fcrdigen.<\/p>\n<figure id=\"attachment_23173\" aria-describedby=\"caption-attachment-23173\" style=\"width: 451px\" class=\"wp-caption aligncenter\"><img decoding=async data-opt-id=726514163  fetchpriority=\"high\" class=\"size-full wp-image-23173\" src=\"https:\/\/ml4ds5noqxtv.i.optimole.com\/cb:nu7s.344e2\/w:auto\/h:auto\/q:mauto\/g:sm\/f:best\/https:\/\/magictowns.al\/wp-content\/uploads\/2024\/09\/Mother-Teresa.png\" alt=\"Ber\u00fchmte Menschen aus Albanien\" width=\"451\" height=\"640\" title=\"\" srcset=\"https:\/\/ml4ds5noqxtv.i.optimole.com\/cb:nu7s.344e2\/w:451\/h:640\/q:mauto\/g:sm\/f:best\/https:\/\/magictowns.al\/wp-content\/uploads\/2024\/09\/Mother-Teresa.png 451w, https:\/\/ml4ds5noqxtv.i.optimole.com\/cb:nu7s.344e2\/w:211\/h:300\/q:mauto\/g:sm\/f:best\/https:\/\/magictowns.al\/wp-content\/uploads\/2024\/09\/Mother-Teresa.png 211w, https:\/\/ml4ds5noqxtv.i.optimole.com\/cb:nu7s.344e2\/w:8\/h:12\/q:mauto\/g:sm\/f:best\/https:\/\/magictowns.al\/wp-content\/uploads\/2024\/09\/Mother-Teresa.png 8w, https:\/\/ml4ds5noqxtv.i.optimole.com\/cb:nu7s.344e2\/w:451\/h:640\/q:mauto\/g:sm\/f:best\/dpr:2\/https:\/\/magictowns.al\/wp-content\/uploads\/2024\/09\/Mother-Teresa.png 2x\" sizes=\"(max-width: 451px) 100vw, 451px\" \/><figcaption id=\"caption-attachment-23173\" class=\"wp-caption-text\">SOURCE <a href=\"https:\/\/pixabay.com\/\" target=\"_blank\" rel=\"noopener\">pixabay<\/a><\/figcaption><\/figure>\n<h2>Georg Kastriot SkanderbeG<\/h2>\n<p>Die Welt braucht Menschen mit hohen F\u00fchrungsqualit\u00e4ten und tapferen Herzen, die f\u00fcr ihr Land jede harte Zeit durchstehen k\u00f6nnen. Es gibt viele prominente Pers\u00f6nlichkeiten in der Welt, die sich ihrer Nation verschrieben haben, und unter ihnen ist George Kastriot Skanderbeg.<\/p>\n<p>Er wurde am 6. M\u00e4rz 1405 im Dorf Sinj\u00eb geboren, das in der N\u00e4he der Stadt Kruj\u00eb im heutigen Albanien liegt. Im Alter von 12 Jahren wurde er in den Dienst der Osmanen geschickt, wo er als Soldat ausgebildet wurde und milit\u00e4rische Taktik und Strategie erlernte.<\/p>\n<p>Skanderbeg diente als milit\u00e4rischer Befehlshaber und sammelte noch mehr Erfahrungen, die er sp\u00e4ter nutzte, um gegen das Osmanische Reich zu rebellieren. Albanien war eines der Gebiete, die damals vom Osmanischen Reich beherrscht wurden. Er konnte sein Volk nicht in der Sklaverei sehen.<\/p>\n<p>Skanderbeg war gegen Fremdherrschaft und Unterdr\u00fcckung. Er nutzte seine F\u00fchrungsqualit\u00e4ten, um sein Volk zu sammeln und gegen das Osmanische Reich zu vereinen. Er verb\u00fcndete sich mit anderen europ\u00e4ischen M\u00e4chten. Die Schlacht von Torvioll (1444) war ein gro\u00dfer Sieg f\u00fcr ihn gegen die Osmanen, und die Art und Weise, wie er die Festung Kruj\u00eb gegen osmanische Belagerungen verteidigte, zeigte seine gro\u00dfartige Widerstandstaktik.<\/p>\n<p>Zwar konnte er Albanien nicht vollst\u00e4ndig vom Osmanischen Reich befreien, doch dank seines Widerstands und seiner Bem\u00fchungen konnten die Osmanen ihr Reich in Albanien \u00fcber zwei Jahrzehnte lang nicht ausweiten.<\/p>\n<p>Aber seine Arbeit st\u00e4rkte den Geist seines Volkes gegen die Unterdr\u00fcckung. Die Albaner ehrten ihn sehr, indem sie ihn zum Nationalhelden erkl\u00e4rten. Mehr noch,\u00a0<span style=\"box-sizing: border-box; margin: 0px; padding: 0px;\">auf\u00a0<strong>17. Juni<\/strong> eines jeden Jahres wird sein Todestag als Skanderbeg-Tag begangen. Im Jahr 1968 wurde eine Statue von ihm aufgestellt, um seinen Mut und seine Hingabe an<\/span>\u00a0sein Volk in <a href=\"https:\/\/magictowns.al\/de\/stadt\/tirana-2\/\">Tirana<\/a>.<\/p>\n<figure id=\"attachment_23170\" aria-describedby=\"caption-attachment-23170\" style=\"width: 683px\" class=\"wp-caption aligncenter\"><img decoding=async data-opt-id=2107621617  fetchpriority=\"high\" class=\"wp-image-23170 size-large\" src=\"https:\/\/ml4ds5noqxtv.i.optimole.com\/cb:nu7s.344e2\/w:683\/h:1024\/q:mauto\/g:sm\/f:best\/https:\/\/magictowns.al\/wp-content\/uploads\/2024\/09\/George-Kastriot-Skanderbeg.jpg\" alt=\"Ber\u00fchmte Menschen aus Albanien\" width=\"683\" height=\"1024\" title=\"\" srcset=\"https:\/\/ml4ds5noqxtv.i.optimole.com\/cb:nu7s.344e2\/w:683\/h:1024\/q:mauto\/g:sm\/f:best\/https:\/\/magictowns.al\/wp-content\/uploads\/2024\/09\/George-Kastriot-Skanderbeg.jpg 683w, https:\/\/ml4ds5noqxtv.i.optimole.com\/cb:nu7s.344e2\/w:200\/h:300\/q:mauto\/g:sm\/f:best\/https:\/\/magictowns.al\/wp-content\/uploads\/2024\/09\/George-Kastriot-Skanderbeg.jpg 200w, https:\/\/ml4ds5noqxtv.i.optimole.com\/cb:nu7s.344e2\/w:8\/h:12\/q:mauto\/g:sm\/f:best\/https:\/\/magictowns.al\/wp-content\/uploads\/2024\/09\/George-Kastriot-Skanderbeg.jpg 8w, https:\/\/ml4ds5noqxtv.i.optimole.com\/cb:nu7s.344e2\/w:720\/h:1080\/q:mauto\/g:sm\/f:best\/https:\/\/magictowns.al\/wp-content\/uploads\/2024\/09\/George-Kastriot-Skanderbeg.jpg 768w, https:\/\/ml4ds5noqxtv.i.optimole.com\/cb:nu7s.344e2\/w:720\/h:1080\/q:mauto\/g:sm\/f:best\/dpr:2\/https:\/\/magictowns.al\/wp-content\/uploads\/2024\/09\/George-Kastriot-Skanderbeg.jpg 2x\" sizes=\"(max-width: 683px) 100vw, 683px\" \/><figcaption id=\"caption-attachment-23170\" class=\"wp-caption-text\">Quelle <a href=\"https:\/\/www.pexels.com\/\" target=\"_blank\" rel=\"noopener\">Pexels<\/a><\/figcaption><\/figure>\n<h2>Ismail Kadare<\/h2>\n<p>Es gibt viele prominente Pers\u00f6nlichkeiten in der Welt, die daf\u00fcr bekannt sind, dass sie die Kultur und Geschichte ihrer Nation und ihres Landes durch die Kraft der Literatur f\u00f6rdern. Es hei\u00dft, dass die Feder m\u00e4chtiger ist als das Schwert und <a href=\"https:\/\/magictowns.al\/de\/ismail-kadare-die-ikone-der-albanischen-literatur\/\">Ismail Kadare<\/a> bewiesen, indem sie die albanische Geschichte, Kultur, Folklore und politische Landschaft bewahrt haben.<\/p>\n<p>Ismail Kadade wurde am 28. Januar 1936 in Gjirokast\u00ebr geboren. Er studierte an der Universit\u00e4t von Tirana und ging sp\u00e4ter f\u00fcr weitere Studien nach Paris. Er besch\u00e4ftigte sich haupts\u00e4chlich mit Literatur und arbeitete als Schriftsteller.<\/p>\n<p>Er arbeitete auch als Redakteur f\u00fcr albanische Zeitungen und schrieb viele Romane und B\u00fccher, die viel dazu beitrugen, die albanische Kultur und ihre Probleme der Welt vorzustellen.<\/p>\n<p>Einer seiner ber\u00fchmtesten Romane, \"<a href=\"https:\/\/en.wikipedia.org\/wiki\/The_General_of_the_Dead_Army_(novel)\" target=\"_blank\" rel=\"noopener\">Der General der toten Armee<\/a>\" aus dem Jahr 1963 spiegelt den Kampf der Albaner im Krieg wider. Ein weiterer ber\u00fchmter Roman \"Zerbrochener April\" aus dem Jahr 1978 beschreibt die sozialen Herausforderungen und Traditionen des albanischen Volkes. Mit diesen Themen hat er den Albanern geholfen, sich selbst besser zu verstehen und ein tieferes Verst\u00e4ndnis f\u00fcr ihre Geschichte, Kultur und die damit verbundenen sozialen Probleme zu entwickeln.<\/p>\n<p>F\u00fcr sein weltweites literarisches Wirken und sein literarisches Werk wurde er 2005 mit dem Internationalen Neustadt-Literaturpreis ausgezeichnet. Diese Auszeichnung ist eine gro\u00dfe Ehre f\u00fcr Schriftsteller, die bedeutende Beitr\u00e4ge zur Weltliteratur geleistet haben. Auch die albanische Regierung w\u00fcrdigte seine Arbeit, indem sie ihm aufgrund seiner Bem\u00fchungen um die albanische Literatur den Titel \"Volksschriftsteller\" verlieh.<\/p>\n<figure id=\"attachment_23835\" aria-describedby=\"caption-attachment-23835\" style=\"width: 611px\" class=\"wp-caption aligncenter\"><img decoding=async data-opt-id=1360255222  fetchpriority=\"high\" class=\"wp-image-23835 size-full\" src=\"https:\/\/ml4ds5noqxtv.i.optimole.com\/cb:nu7s.344e2\/w:auto\/h:auto\/q:mauto\/g:sm\/f:best\/https:\/\/magictowns.al\/wp-content\/uploads\/2024\/09\/Ismail-Kadare-magic-towns-1.jpg\" alt=\"\" width=\"611\" height=\"706\" title=\"\" srcset=\"https:\/\/ml4ds5noqxtv.i.optimole.com\/cb:nu7s.344e2\/w:611\/h:706\/q:mauto\/g:sm\/f:best\/https:\/\/magictowns.al\/wp-content\/uploads\/2024\/09\/Ismail-Kadare-magic-towns-1.jpg 611w, https:\/\/ml4ds5noqxtv.i.optimole.com\/cb:nu7s.344e2\/w:260\/h:300\/q:mauto\/g:sm\/f:best\/https:\/\/magictowns.al\/wp-content\/uploads\/2024\/09\/Ismail-Kadare-magic-towns-1.jpg 260w, https:\/\/ml4ds5noqxtv.i.optimole.com\/cb:nu7s.344e2\/w:10\/h:12\/q:mauto\/g:sm\/f:best\/https:\/\/magictowns.al\/wp-content\/uploads\/2024\/09\/Ismail-Kadare-magic-towns-1.jpg 10w, https:\/\/ml4ds5noqxtv.i.optimole.com\/cb:nu7s.344e2\/w:611\/h:706\/q:mauto\/g:sm\/f:best\/dpr:2\/https:\/\/magictowns.al\/wp-content\/uploads\/2024\/09\/Ismail-Kadare-magic-towns-1.jpg 2x\" sizes=\"(max-width: 611px) 100vw, 611px\" \/><figcaption id=\"caption-attachment-23835\" class=\"wp-caption-text\">Quelle: Wikipedia<\/figcaption><\/figure>\n<h2>IbRAHIM KODRA<\/h2>\n<p>Die Kunst, Ideen in Bildern darzustellen, ist gro\u00dfartig, und wenn wir \u00fcber solche K\u00fcnstler sprechen, dann d\u00fcrfen wir Ibrahim Kodra, einen der weltber\u00fchmten albanischen K\u00fcnstler, nicht \u00fcbersehen. Er wurde am 2. Februar 1918 in Shkodra, Albanien, geboren. Er verfeinerte seine k\u00fcnstlerischen F\u00e4higkeiten an der Akademie der Sch\u00f6nen K\u00fcnste in Florenz, Italien.<\/p>\n<p>Er war ein Maler, der ber\u00fchmt war f\u00fcr die Pr\u00e4sentation von <a href=\"https:\/\/magictowns.al\/de\/10-fakten-uber-die-albanische-kultur-die-sie-vielleicht-uberraschen-werden\/\">Albanische Kultur<\/a> in seiner Kunst. Mit seinen Gem\u00e4lden hat er die albanische Kunst und Kultur weltweit bekannt gemacht, denn seine Werke waren der Stolz von Kunstgalerien in ganz Europa.<\/p>\n<p>Eines seiner ber\u00fchmtesten Werke ist \"<a href=\"https:\/\/www.edvardmunch.org\/the-dance-of-life.jsp\" target=\"_blank\" rel=\"noopener\">Der Tanz des Lebens,<\/a>\", das die albanische Geschichte in ihren Farben und ihrer Tiefe darstellt. Er wurde zum Idol k\u00fcnftiger K\u00fcnstlergenerationen weltweit. Die albanische Regierung w\u00fcrdigte seine Arbeit f\u00fcr die albanische Tradition und Geschichte mit der Verleihung des Titels \"K\u00fcnstler des Volkes\".<\/p>\n<figure id=\"attachment_23834\" aria-describedby=\"caption-attachment-23834\" style=\"width: 736px\" class=\"wp-caption aligncenter\"><img decoding=async data-opt-id=1616460262  class=\"wp-image-23834 size-full\" src=\"https:\/\/ml4ds5noqxtv.i.optimole.com\/cb:nu7s.344e2\/w:auto\/h:auto\/q:mauto\/g:sm\/f:best\/https:\/\/magictowns.al\/wp-content\/uploads\/2024\/09\/IbRAHIM-KODRA-1.jpg\" alt=\"Ibrahim Kodra\" width=\"736\" height=\"574\" title=\"\" srcset=\"https:\/\/ml4ds5noqxtv.i.optimole.com\/cb:nu7s.344e2\/w:736\/h:574\/q:mauto\/g:sm\/f:best\/https:\/\/magictowns.al\/wp-content\/uploads\/2024\/09\/IbRAHIM-KODRA-1.jpg 736w, https:\/\/ml4ds5noqxtv.i.optimole.com\/cb:nu7s.344e2\/w:300\/h:234\/q:mauto\/g:sm\/f:best\/https:\/\/magictowns.al\/wp-content\/uploads\/2024\/09\/IbRAHIM-KODRA-1.jpg 300w, https:\/\/ml4ds5noqxtv.i.optimole.com\/cb:nu7s.344e2\/w:15\/h:12\/q:mauto\/g:sm\/f:best\/https:\/\/magictowns.al\/wp-content\/uploads\/2024\/09\/IbRAHIM-KODRA-1.jpg 15w, https:\/\/ml4ds5noqxtv.i.optimole.com\/cb:nu7s.344e2\/w:736\/h:574\/q:mauto\/g:sm\/f:best\/dpr:2\/https:\/\/magictowns.al\/wp-content\/uploads\/2024\/09\/IbRAHIM-KODRA-1.jpg 2x\" sizes=\"(max-width: 736px) 100vw, 736px\" \/><figcaption id=\"caption-attachment-23834\" class=\"wp-caption-text\">Quelle: Pinterest<\/figcaption><\/figure>\n<h2>Inva MUla<\/h2>\n<p>Inva Mula ist eine ber\u00fchmte und gro\u00dfe albanische Opern- und klassische Musikerin. Sie wurde am 27. M\u00e4rz 1972 in Tirana, Albanien, geboren. Ihr Bildungsweg begann an der Universit\u00e4t der K\u00fcnste in Tirana, und sp\u00e4ter ging sie f\u00fcr weitere Studien nach Italien, wo sie ihre Gesangsk\u00fcnste verfeinerte. Sie f\u00f6rderte die Musikindustrie und die Kultur Albaniens durch ihre Auftritte auf internationaler Ebene.<\/p>\n<p>Inva Mula hat den albanischen K\u00fcnstlern in der Welt ein gro\u00dfes Image verschafft. Sie ermutigte die neue Generation von K\u00fcnstlern, ihre Tr\u00e4ume zu verfolgen.<\/p>\n<p>Zu ihren bekanntesten Werken geh\u00f6rt ihre Rolle als Gilda in Giuseppe Verdis Oper \"Rigoletto\". In dieser Rolle zeigte sie ihr gro\u00dfes Gesangstalent. Eine weitere ber\u00fchmte Rolle von ihr ist die K\u00f6nigin der Nacht in \"Die Zauberfl\u00f6te\", in der sie ihre stimmlichen F\u00e4higkeiten bei hohen Anforderungen unter Beweis stellte.<\/p>\n<p>Sie unterst\u00fctzte auch die albanische Musik und Kunst, indem sie Mittel f\u00fcr Musik- und andere Programme sammelte. Sie gab auch Wohlt\u00e4tigkeitskonzerte, die eine gro\u00dfe Rolle bei der Unterst\u00fctzung vieler Bildungs- und Gesundheitseinrichtungen in Albanien spielten.<\/p>\n<figure id=\"attachment_23837\" aria-describedby=\"caption-attachment-23837\" style=\"width: 393px\" class=\"wp-caption aligncenter\"><img decoding=async data-opt-id=1867506346  class=\"wp-image-23837 size-full\" src=\"https:\/\/ml4ds5noqxtv.i.optimole.com\/cb:nu7s.344e2\/w:auto\/h:auto\/q:mauto\/g:sm\/f:best\/https:\/\/magictowns.al\/wp-content\/uploads\/2024\/09\/Inva-Mula.jpg\" alt=\"ber\u00fchmte Pers\u00f6nlichkeiten aus Albanien\" width=\"393\" height=\"536\" title=\"\" srcset=\"https:\/\/ml4ds5noqxtv.i.optimole.com\/cb:nu7s.344e2\/w:393\/h:536\/q:mauto\/g:sm\/f:best\/https:\/\/magictowns.al\/wp-content\/uploads\/2024\/09\/Inva-Mula.jpg 393w, https:\/\/ml4ds5noqxtv.i.optimole.com\/cb:nu7s.344e2\/w:220\/h:300\/q:mauto\/g:sm\/f:best\/https:\/\/magictowns.al\/wp-content\/uploads\/2024\/09\/Inva-Mula.jpg 220w, https:\/\/ml4ds5noqxtv.i.optimole.com\/cb:nu7s.344e2\/w:9\/h:12\/q:mauto\/g:sm\/f:best\/https:\/\/magictowns.al\/wp-content\/uploads\/2024\/09\/Inva-Mula.jpg 9w, https:\/\/ml4ds5noqxtv.i.optimole.com\/cb:nu7s.344e2\/w:393\/h:536\/q:mauto\/g:sm\/f:best\/dpr:2\/https:\/\/magictowns.al\/wp-content\/uploads\/2024\/09\/Inva-Mula.jpg 2x\" sizes=\"(max-width: 393px) 100vw, 393px\" \/><figcaption id=\"caption-attachment-23837\" class=\"wp-caption-text\">Quelle: Wikipedia<\/figcaption><\/figure>\n<h2>Schlussfolgerung<\/h2>\n<p>Es gibt zwar noch viele weitere ber\u00fchmte Pers\u00f6nlichkeiten aus Albanien, aber diese haben es meiner Meinung nach verdient, in diese Liste aufgenommen zu werden. Sie alle hatten eine gemeinsame Vision, die darin bestand, ihr Leben der gl\u00e4nzenden Zukunft ihres Landes zu widmen.<\/p>\n<p>Sie haben mit ihrer ausgepr\u00e4gten Arbeit Ma\u00dfst\u00e4be in der Welt gesetzt und die k\u00fcnftigen Generationen ihres Landes zu selbstlosem Einsatz f\u00fcr ihr Volk ermutigt.<\/p>\n<p><strong>Weitere Informationen \u00fcber Albanien<\/strong><\/p>\n<ul>\n<li><a href=\"https:\/\/magictowns.al\/de\/die-besten-stadte-zum-leben-in-albanien\/\">Die 6 besten St\u00e4dte zum Leben in Albanien<\/a><\/li>\n<li><a href=\"https:\/\/magictowns.al\/de\/kostliches-essen-in-albanien-der-essensfuhrer-fur-expats\/\">K\u00f6stliches Essen in Albanien<\/a><\/li>\n<li><a href=\"https:\/\/magictowns.al\/de\/living-in-albania-pros-and-cons\/\">Leben in Albanien Vor- und Nachteile<\/a><\/li>\n<\/ul>\n\n\t\t\t<div id=\"daexthefu-container\"\n\t\t\t\tclass=\"daexthefu-container daexthefu-layout-side-by-side daexthefu-alignment-center\"\n\t\t\t\tdata-post-id=\"23146\">\n\n\t\t\t\t<div class=\"daexthefu-feedback\">\n\t\t\t\t\t<div class=\"daexthefu-text\">\n\t\t\t\t\t\t<div class=\"daexthefu-title\">War dies hilfreich?<\/div>\n\t\t\t\t\t<\/div>\n\t\t\t\t\t<div class=\"daexthefu-buttons-container\">\n\t\t\t\t\t\t<div class=\"daexthefu-buttons\">\n\t\t\t\t\t\t\t\r\n\t\t\t<div class=\"daexthefu-yes daexthefu-button daexthefu-button-type-text\" data-value=\"1\">\r\n\t\t\t\t<div class=\"daexthefu-button-text\">\u2705 Ja<\/div>\r\n\t\t\t<\/div>\r\n\r\n\t\t\t\t\t\t\t\t\t\t\r\n\t\t\t<div class=\"daexthefu-no daexthefu-button daexthefu-button-type-text\" data-value=\"0\">\r\n\t\t\t\t<div class=\"daexthefu-button-text\">\u274c Nein<\/div>\r\n\t\t\t<\/div>\r\n\r\n\t\t\t\t\t\t\t\t\t<\/div>\n\t\t\t\t\t<\/div>\n\t\t\t\t<\/div>\n\n\t\t\t\t<div class=\"daexthefu-comment\">\n\t\t\t\t\t<div class=\"daexthefu-comment-top-container\">\n\t\t\t\t\t\t<label id=\"daexthefu-comment-label\" class=\"daexthefu-comment-label\"><\/label>\n\t\t\t\t\t\t\t\t\t\t\t\t\t<div class=\"daexthefu-comment-character-counter-container\">\n\t\t\t\t\t\t\t\t<div id=\"daexthefu-comment-character-counter-number\"\n\t\t\t\t\t\t\t\t\tclass=\"daexthefu-comment-character-counter-number\"><\/div>\n\t\t\t\t\t\t\t\t<div class=\"daexthefu-comment-character-counter-text\"><\/div>\n\t\t\t\t\t\t\t<\/div>\n\t\t\t\t\t\t\t\t\t\t\t<\/div>\n\t\t\t\t\t<textarea id=\"daexthefu-comment-textarea\" class=\"daexthefu-comment-textarea\"\n\t\t\t\t\t\t\t\tplaceholder=\"Geben Sie Ihre Nachricht ein\"\n\t\t\t\t\t\t\t\tmaxlength=\"\t\t\t\t\t\t\t\t400\t\t\t\t\t\t\t\t\t\"><\/textarea>\n\t\t\t\t\t<div class=\"daexthefu-comment-buttons-container\">\n\t\t\t\t\t\t<button class=\"daexthefu-comment-submit daexthefu-button\">Einreichen<\/button>\n\t\t\t\t\t\t<button class=\"daexthefu-comment-cancel daexthefu-button\">Abbrechen<\/button>\n\t\t\t\t\t<\/div>\n\t\t\t\t<\/div>\n\n\t\t\t\t<div class=\"daexthefu-successful-submission-text\">Vielen Dank f\u00fcr Ihr Feedback!<\/div>\n\n\t\t\t<\/div>","protected":false},"excerpt":{"rendered":"<p>Erforschen Sie das Leben ber\u00fchmter Menschen aus Albanien! Entdecken Sie die Errungenschaften einflussreicher Politiker, K\u00fcnstler und anderer Pers\u00f6nlichkeiten, die Geschichte und Kultur gepr\u00e4gt haben.<\/p>","protected":false},"author":3,"featured_media":23842,"comment_status":"closed","ping_status":"open","sticky":false,"template":"single-fullwidth.php","format":"standard","meta":{"_acf_changed":false,"_helpful_status":1,"footnotes":"","_wpscp_schedule_draft_date":"","_wpscp_schedule_republish_date":"","_wpscppro_advance_schedule":false,"_wpscppro_advance_schedule_date":"","_wpscppro_dont_share_socialmedia":null,"_wpscppro_custom_social_share_image":0,"_facebook_share_type":"default","_twitter_share_type":"default","_linkedin_share_type":"default","_pinterest_share_type":"default","_linkedin_share_type_page":"default","_instagram_share_type":"default","_medium_share_type":"default","_threads_share_type":"default","_google_business_share_type":"default","_selected_social_profile":[],"_wpsp_enable_custom_social_template":false,"_wpsp_social_scheduling":{"enabled":false,"datetime":null,"platforms":[],"status":"template_only","dateOption":"today","timeOption":"now","customDays":"","customHours":"","customDate":"","customTime":"","schedulingType":"absolute"},"_wpsp_active_default_template":true},"categories":[28],"tags":[],"class_list":{"0":"post-23146","1":"post","2":"type-post","3":"status-publish","4":"format-standard","5":"has-post-thumbnail","7":"category-guides"},"acf":[],"menu_order":0,"_links":{"self":[{"href":"https:\/\/magictowns.al\/de\/wp-json\/wp\/v2\/posts\/23146","targetHints":{"allow":["GET"]}}],"collection":[{"href":"https:\/\/magictowns.al\/de\/wp-json\/wp\/v2\/posts"}],"about":[{"href":"https:\/\/magictowns.al\/de\/wp-json\/wp\/v2\/types\/post"}],"author":[{"embeddable":true,"href":"https:\/\/magictowns.al\/de\/wp-json\/wp\/v2\/users\/3"}],"replies":[{"embeddable":true,"href":"https:\/\/magictowns.al\/de\/wp-json\/wp\/v2\/comments?post=23146"}],"version-history":[{"count":25,"href":"https:\/\/magictowns.al\/de\/wp-json\/wp\/v2\/posts\/23146\/revisions"}],"predecessor-version":[{"id":27067,"href":"https:\/\/magictowns.al\/de\/wp-json\/wp\/v2\/posts\/23146\/revisions\/27067"}],"wp:featuredmedia":[{"embeddable":true,"href":"https:\/\/magictowns.al\/de\/wp-json\/wp\/v2\/media\/23842"}],"wp:attachment":[{"href":"https:\/\/magictowns.al\/de\/wp-json\/wp\/v2\/media?parent=23146"}],"wp:term":[{"taxonomy":"category","embeddable":true,"href":"https:\/\/magictowns.al\/de\/wp-json\/wp\/v2\/categories?post=23146"},{"taxonomy":"post_tag","embeddable":true,"href":"https:\/\/magictowns.al\/de\/wp-json\/wp\/v2\/tags?post=23146"}],"curies":[{"name":"wp","href":"https:\/\/api.w.org\/{rel}","templated":true}]}}