{"id":22073,"date":"2024-08-01T12:49:58","date_gmt":"2024-08-01T10:49:58","guid":{"rendered":"https:\/\/magictowns.al\/?p=22073"},"modified":"2025-01-12T07:11:05","modified_gmt":"2025-01-12T06:11:05","slug":"die-suche-nach-europa-auf-dem-balkan-2","status":"publish","type":"post","link":"https:\/\/magictowns.al\/de\/the-quest-for-europe-in-the-balkans\/","title":{"rendered":"Die Suche nach Europa auf dem Balkan"},"content":{"rendered":"<p>Diese kurze Analyse basiert auf dem Artikel \"La qu\u00eate d'Europe dans les Balkans\" aus Ouest-France. Besonderen Dank an Patrick Bernard, der uns auf diesen aufschlussreichen Artikel aufmerksam gemacht hat.<\/p>\r\n\r\n\r\n\r\n<p>Der zum Nachdenken anregende Artikel mit dem Titel \"Point de vue. La qu\u00eate d'Europe dans les Balkans\", ver\u00f6ffentlicht von Ouest-France, analysiert den Weg der Balkanl\u00e4nder zur europ\u00e4ischen Integration. Der Artikel gibt einen Einblick in die historischen, politischen und sozio\u00f6konomischen Faktoren, die das Streben der Region nach einem Beitritt zur Europ\u00e4ischen Union beeinflussen.<\/p>\r\n\r\n\r\n\r\n<p>Im Folgenden werden einige der Faktoren genannt, die den Weg der Balkanl\u00e4nder zum bekannten Endziel, der europ\u00e4ischen Integration, beeinflusst haben.<\/p>\r\n\r\n\r\n\r\n<h3 class=\"wp-block-heading\">Historischer Kontext<\/h3>\r\n\r\n\r\n\r\n<p>Der Balkan, der oft als Kreuzung Europas bezeichnet wird, hat eine von Konflikten und kultureller Vielfalt gepr\u00e4gte Geschichte. Diese komplexe Vergangenheit pr\u00e4gt auch heute noch die Bem\u00fchungen der Region um eine Angleichung an europ\u00e4ische Standards und Werte. Vor allem das Erbe der Jugoslawienkriege ist nach wie vor ein gro\u00dfes Hindernis f\u00fcr Einheit und Fortschritt.<\/p>\r\n\r\n\r\n\r\n<p>Diese <a href=\"file:\/\/\/C:\/Users\/User\/Downloads\/0.2.%20Western%20Balkans%20Crossroads%20of%20Civilisations%20Concept%20and%20List%20of%20Locations.pdf\">Informationsmaterial<\/a> vom Regionalen Kooperationsrat erz\u00e4hlt mehr dar\u00fcber, wie alles begann.<\/p>\r\n\r\n\r\n\r\n<h3 class=\"wp-block-heading\">Politische Herausforderungen<\/h3>\r\n\r\n\r\n\r\n<p>Politisch stehen die Balkanl\u00e4nder auf ihrem Weg zur EU-Mitgliedschaft vor einigen Herausforderungen. Probleme wie Korruption, schwache Regierungsf\u00fchrung und politische Instabilit\u00e4t werden als gro\u00dfe Hindernisse genannt. Die strengen Beitrittskriterien der EU verlangen von diesen L\u00e4ndern umfassende Reformen, die oft mit den lokalen Praktiken und Interessen kollidieren.<\/p>\r\n\r\n\r\n\r\n<h3 class=\"wp-block-heading\">Sozio\u00f6konomische K\u00e4mpfe<\/h3>\r\n\r\n\r\n\r\n<p>Wirtschaftlich hat die Region mit hohen Arbeitslosenquoten, Armut und einer unterentwickelten Infrastruktur zu k\u00e4mpfen. Die EU-Mitgliedschaft verspricht zwar wirtschaftliche Vorteile, doch ist die \u00dcbergangszeit mit erheblichen Anpassungen und Investitionen verbunden. Die sozio\u00f6konomische Kluft zwischen den Balkanl\u00e4ndern und den bestehenden EU-Mitgliedstaaten ist ein kritischer Faktor in der Erweiterungsdebatte.<\/p>\r\n\r\n\r\n\r\n<h3 class=\"wp-block-heading\">Die Rolle der EU<\/h3>\r\n\r\n\r\n\r\n<p>Die vorsichtige und manchmal inkonsequente Erweiterungspolitik der EU hat in der Region zu Frustration und Skepsis gef\u00fchrt. Die Notwendigkeit einer koh\u00e4renteren und unterst\u00fctzenden EU-Strategie wird als grundlegend f\u00fcr die Aufrechterhaltung der Glaubw\u00fcrdigkeit des Beitrittsprozesses hervorgehoben.<\/p>\r\n\r\n\r\n\r\n<p>Doch trotz dieser Herausforderungen ist die europ\u00e4ische Integration des Balkans nicht nur f\u00fcr die Region von Vorteil, sondern auch f\u00fcr die Stabilit\u00e4t und den Wohlstand Europas insgesamt. Das gemeinsame kulturelle Erbe und die geografische N\u00e4he machen die Balkanl\u00e4nder zu einem integralen Bestandteil der europ\u00e4ischen Familie. Aus diesem Grund kann eine St\u00e4rkung der Beziehungen zur EU Frieden, Demokratie und Wirtschaftswachstum in dieser historisch unbest\u00e4ndigen Region f\u00f6rdern.<\/p>\r\n\r\n\r\n\r\n<h3 class=\"wp-block-heading\">Schlussfolgerung<\/h3>\r\n\r\n\r\n\r\n<p>Die Suche nach Europa auf dem Balkan ist ein komplexer und vielschichtiger Weg, der wahrscheinlich noch eine Weile andauern wird. Trotz der Herausforderungen und des Potenzials der Region in diesem Bereich ist klar, dass nachhaltige Anstrengungen und gegenseitige Zusammenarbeit der Schl\u00fcssel zur Verwirklichung der Vision eines vereinten Europas sind. Das Engagement f\u00fcr eine gemeinsame Zukunft bietet einen vielversprechenden Horizont f\u00fcr die Balkanl\u00e4nder.<\/p>\r\n\r\n\r\n\r\n<p>Uns bleibt nur die Hoffnung, dass die gemeinsamen Werte der Demokratie, der Menschenrechte und des gegenseitigen Respekts den Balkan letztendlich zu einem vereinten Europa f\u00fchren werden.<\/p>\r\n\r\n\t\t\t<div id=\"daexthefu-container\"\r\n\t\t\t\tclass=\"daexthefu-container daexthefu-layout-side-by-side daexthefu-alignment-center\"\r\n\t\t\t\tdata-post-id=\"22073\">\r\n\r\n\t\t\t\t<div class=\"daexthefu-feedback\">\r\n\t\t\t\t\t<div class=\"daexthefu-text\">\r\n\t\t\t\t\t\t<h3 class=\"daexthefu-title\">War dies hilfreich?<\/h3>\r\n\t\t\t\t\t<\/div>\r\n\t\t\t\t\t<div class=\"daexthefu-buttons-container\">\r\n\t\t\t\t\t\t<div class=\"daexthefu-buttons\">\r\n\t\t\t\t\t\t\t\r\n\t\t\t<div class=\"daexthefu-yes daexthefu-button daexthefu-button-type-text\" data-value=\"1\">\r\n\t\t\t\t<div class=\"daexthefu-button-text\">\u2705 Ja<\/div>\r\n\t\t\t<\/div>\r\n\r\n\t\t\t\t\t\t\t\t\t\t\r\n\t\t\t<div class=\"daexthefu-no daexthefu-button daexthefu-button-type-text\" data-value=\"0\">\r\n\t\t\t\t<div class=\"daexthefu-button-text\">\u274c Nein<\/div>\r\n\t\t\t<\/div>\r\n\r\n\t\t\t\t\t\t\t\t\t<\/div>\r\n\t\t\t\t\t<\/div>\r\n\t\t\t\t<\/div>\r\n\r\n\t\t\t\t<div class=\"daexthefu-comment\">\r\n\t\t\t\t\t<div class=\"daexthefu-comment-top-container\">\r\n\t\t\t\t\t\t<label id=\"daexthefu-comment-label\" class=\"daexthefu-comment-label\"><\/label>\r\n\t\t\t\t\t\t\t\t\t\t\t\t\t<div class=\"daexthefu-comment-character-counter-container\">\r\n\t\t\t\t\t\t\t\t<div id=\"daexthefu-comment-character-counter-number\"\r\n\t\t\t\t\t\t\t\t\tclass=\"daexthefu-comment-character-counter-number\"><\/div>\r\n\t\t\t\t\t\t\t\t<div class=\"daexthefu-comment-character-counter-text\"><\/div>\r\n\t\t\t\t\t\t\t<\/div>\r\n\t\t\t\t\t\t\t\t\t\t\t<\/div>\r\n\t\t\t\t\t<textarea id=\"daexthefu-comment-textarea\" class=\"daexthefu-comment-textarea\"\r\n\t\t\t\t\t\t\t\tplaceholder=\"Geben Sie Ihre Nachricht ein\"\r\n\t\t\t\t\t\t\t\tmaxlength=\"\t\t\t\t\t\t\t\t400\t\t\t\t\t\t\t\t\t\"><\/textarea>\r\n\t\t\t\t\t<div class=\"daexthefu-comment-buttons-container\">\r\n\t\t\t\t\t\t<button class=\"daexthefu-comment-submit daexthefu-button\">Einreichen<\/button>\r\n\t\t\t\t\t\t<button class=\"daexthefu-comment-cancel daexthefu-button\">Abbrechen<\/button>\r\n\t\t\t\t\t<\/div>\r\n\t\t\t\t<\/div>\r\n\r\n\t\t\t\t<div class=\"daexthefu-successful-submission-text\">Vielen Dank f\u00fcr Ihr Feedback!<\/div>\r\n\r\n\t\t\t<\/div>","protected":false},"excerpt":{"rendered":"<p>Entdecken Sie den Weg der Balkanl\u00e4nder zur EU-Integration, inspiriert durch den Artikel \"La qu\u00eate d'Europe dans les Balkans\" von Ouest-France. <\/p>","protected":false},"author":3,"featured_media":22080,"comment_status":"closed","ping_status":"open","sticky":false,"template":"single-fullwidth.php","format":"standard","meta":{"_acf_changed":false,"_helpful_status":1,"footnotes":"","_wpscp_schedule_draft_date":"","_wpscp_schedule_republish_date":"","_wpscppro_advance_schedule":false,"_wpscppro_advance_schedule_date":"","_wpscppro_dont_share_socialmedia":null,"_wpscppro_custom_social_share_image":0,"_facebook_share_type":"default","_twitter_share_type":"default","_linkedin_share_type":"default","_pinterest_share_type":"default","_linkedin_share_type_page":"default","_instagram_share_type":"default","_medium_share_type":"default","_threads_share_type":"","_google_business_share_type":"","_selected_social_profile":[],"_wpsp_enable_custom_social_template":false,"_wpsp_social_scheduling":{"enabled":false,"datetime":null,"platforms":[],"status":"template_only","dateOption":"today","timeOption":"now","customDays":"","customHours":"","customDate":"","customTime":"","schedulingType":"absolute"},"_wpsp_active_default_template":true},"categories":[32],"tags":[],"class_list":{"0":"post-22073","1":"post","2":"type-post","3":"status-publish","4":"format-standard","5":"has-post-thumbnail","7":"category-culture"},"acf":[],"menu_order":0,"_links":{"self":[{"href":"https:\/\/magictowns.al\/de\/wp-json\/wp\/v2\/posts\/22073","targetHints":{"allow":["GET"]}}],"collection":[{"href":"https:\/\/magictowns.al\/de\/wp-json\/wp\/v2\/posts"}],"about":[{"href":"https:\/\/magictowns.al\/de\/wp-json\/wp\/v2\/types\/post"}],"author":[{"embeddable":true,"href":"https:\/\/magictowns.al\/de\/wp-json\/wp\/v2\/users\/3"}],"replies":[{"embeddable":true,"href":"https:\/\/magictowns.al\/de\/wp-json\/wp\/v2\/comments?post=22073"}],"version-history":[{"count":5,"href":"https:\/\/magictowns.al\/de\/wp-json\/wp\/v2\/posts\/22073\/revisions"}],"predecessor-version":[{"id":24636,"href":"https:\/\/magictowns.al\/de\/wp-json\/wp\/v2\/posts\/22073\/revisions\/24636"}],"wp:featuredmedia":[{"embeddable":true,"href":"https:\/\/magictowns.al\/de\/wp-json\/wp\/v2\/media\/22080"}],"wp:attachment":[{"href":"https:\/\/magictowns.al\/de\/wp-json\/wp\/v2\/media?parent=22073"}],"wp:term":[{"taxonomy":"category","embeddable":true,"href":"https:\/\/magictowns.al\/de\/wp-json\/wp\/v2\/categories?post=22073"},{"taxonomy":"post_tag","embeddable":true,"href":"https:\/\/magictowns.al\/de\/wp-json\/wp\/v2\/tags?post=22073"}],"curies":[{"name":"wp","href":"https:\/\/api.w.org\/{rel}","templated":true}]}}