{"id":23215,"date":"2024-11-06T18:21:11","date_gmt":"2024-11-06T17:21:11","guid":{"rendered":"https:\/\/magictowns.al\/?p=23215"},"modified":"2025-10-01T08:54:21","modified_gmt":"2025-10-01T06:54:21","slug":"det-bedste-tidspunkt-at-besoge-albanien","status":"publish","type":"post","link":"https:\/\/magictowns.al\/da\/best-time-to-visit-albania\/","title":{"rendered":"Best Time To Visit Albania [Ultimate Guide]"},"content":{"rendered":"<p>Planl\u00e6gger du at bes\u00f8ge Albanien, men ved ikke, hvorn\u00e5r det er bedst at g\u00f8re det? Bare rolig, jeg har styr p\u00e5 det.<\/p>\n<p>I dette blogindl\u00e6g har jeg delt alle de oplysninger, du har brug for at vide, f\u00f8r du planl\u00e6gger din rejse til Albanien, baseret p\u00e5 en s\u00e6sonbestemt oversigt.<\/p>\n<hr \/>\n<p style=\"text-align: center;\"><strong>De vigtigste pointer<\/strong><\/p>\n<ul>\n<li>Albanien har et typisk middelhavsklima pr\u00e6get af milde vintre og varme, t\u00f8rre somre.<\/li>\n<li>For\u00e5r\/efter\u00e5r i Albanien er fantastisk til vandreture; somrene er bedst til at nyde den smukke natur. <a class=\"wpil_keyword_link\" title=\"Strande\" href=\"https:\/\/magictowns.al\/da\/de-bedste-strande-i-albanien-i-2025\/\" data-wpil-keyword-link=\"linked\" data-wpil-monitor-id=\"224\">Strande<\/a>og vinteren er til en hyggelig ferie.<\/li>\n<li>Albanien har noget at byde p\u00e5 i hver s\u00e6son, hvilket g\u00f8r det til et rejsem\u00e5l, man b\u00f8r overveje at udforske.<\/li>\n<\/ul>\n<hr \/>\n<h2>Oversigt over vejret<\/h2>\n<p>Albanien ligger i det syd\u00f8stlige Europa og gr\u00e6nser op til Adriaterhavet og Det Joniske Hav. Denne kystposition giver varme, t\u00f8rre somre og milde vintre, mens for\u00e5ret har tendens til at v\u00e6re regnfuldt, og efter\u00e5ret forbliver behageligt mildt, ofte indtil november.<\/p>\n<p>Med disse \u00e5rstidsvariationer er de bedste tidspunkter at bes\u00f8ge Albanien fra maj til juni for for\u00e5r og tidlig sommer og fra september til december for en bl\u00f8dere efter\u00e5rs- og vinteroplevelse.<\/p>\n<h2>Hvad er det bedste tidspunkt at bes\u00f8ge Albanien p\u00e5?<\/h2>\n<p>Her er en oversigt over det bedste tidspunkt at bes\u00f8ge Albanien baseret p\u00e5 \u00e5rstider:<\/p>\n<h3>For\u00e5r i Albanien (marts til maj)<\/h3>\n<p>For\u00e5ret er en ideel \u00e5rstid at bes\u00f8ge Albanien, og maj er det bedste tidspunkt for en behagelig rejse. Marts og april har tendens til at v\u00e6re regnfulde og k\u00f8lige, mens maj byder p\u00e5 mildt og behageligt vejr med temperaturer mellem 15\u00b0C og 20\u00b0C - hverken for koldt eller for varmt.<\/p>\n<figure id=\"attachment_23324\" aria-describedby=\"caption-attachment-23324\" style=\"width: 1024px\" class=\"wp-caption aligncenter\"><img decoding=async data-opt-id=1758417315  fetchpriority=\"high\" class=\"size-large wp-image-23324\" src=\"https:\/\/ml4ds5noqxtv.i.optimole.com\/cb:nu7s.344e2\/w:1024\/h:525\/q:mauto\/g:sm\/f:best\/https:\/\/magictowns.al\/wp-content\/uploads\/2024\/10\/Spring-In-Albania-1.jpg\" alt=\"Bedste tidspunkt at bes\u00f8ge Albanai\" width=\"1024\" height=\"525\" title=\"\" srcset=\"https:\/\/ml4ds5noqxtv.i.optimole.com\/cb:nu7s.344e2\/w:1024\/h:525\/q:mauto\/g:sm\/f:best\/https:\/\/magictowns.al\/wp-content\/uploads\/2024\/10\/Spring-In-Albania-1.jpg 1024w, https:\/\/ml4ds5noqxtv.i.optimole.com\/cb:nu7s.344e2\/w:300\/h:154\/q:mauto\/g:sm\/f:best\/https:\/\/magictowns.al\/wp-content\/uploads\/2024\/10\/Spring-In-Albania-1.jpg 300w, https:\/\/ml4ds5noqxtv.i.optimole.com\/cb:nu7s.344e2\/w:768\/h:394\/q:mauto\/g:sm\/f:best\/https:\/\/magictowns.al\/wp-content\/uploads\/2024\/10\/Spring-In-Albania-1.jpg 768w, https:\/\/ml4ds5noqxtv.i.optimole.com\/cb:nu7s.344e2\/w:18\/h:9\/q:mauto\/g:sm\/f:best\/https:\/\/magictowns.al\/wp-content\/uploads\/2024\/10\/Spring-In-Albania-1.jpg 18w, https:\/\/ml4ds5noqxtv.i.optimole.com\/cb:nu7s.344e2\/w:1320\/h:676\/q:mauto\/g:sm\/f:best\/https:\/\/magictowns.al\/wp-content\/uploads\/2024\/10\/Spring-In-Albania-1.jpg 1320w, https:\/\/ml4ds5noqxtv.i.optimole.com\/cb:nu7s.344e2\/w:1409\/h:722\/q:mauto\/g:sm\/f:best\/https:\/\/magictowns.al\/wp-content\/uploads\/2024\/10\/Spring-In-Albania-1.jpg 1409w, https:\/\/ml4ds5noqxtv.i.optimole.com\/cb:nu7s.344e2\/w:1409\/h:722\/q:mauto\/g:sm\/f:best\/dpr:2\/https:\/\/magictowns.al\/wp-content\/uploads\/2024\/10\/Spring-In-Albania-1.jpg 2x\" sizes=\"(max-width: 1024px) 100vw, 1024px\" \/><figcaption id=\"caption-attachment-23324\" class=\"wp-caption-text\">For\u00e5r i Albanien<\/figcaption><\/figure>\n<h4>HVAD SKAL MAN G\u00d8RE I Albanien om for\u00e5ret?<\/h4>\n<p>Hvis du er naturelsker, er for\u00e5ret den perfekte \u00e5rstid til at udforske Albanien. Det er ideelt til vandreture, sightseeing og til at nyde en r\u00e6kke forskellige <a href=\"https:\/\/www.getyourguide.com\/albania-l169053\/\" target=\"_blank\" rel=\"noopener\">udend\u00f8rs aktiviteter<\/a> p\u00e5 landets bedste steder.<\/p>\n<p>Der er flere festivaler og begivenheder i for\u00e5ret, f.eks:<\/p>\n<h5>Nowruz-festival<\/h5>\n<p>Albanerne holder denne festival for at fejre starten p\u00e5 for\u00e5ret og det persiske nyt\u00e5r. Siden det gamle Gr\u00e6kenland har de hyldet marts med ritualer og festivaler for at symbolisere lykke og held.<\/p>\n<p>Men denne m\u00e5ned har en dybere betydning for bektashi-samfundet i Albanien. Det siges, at Nowruz opstod i pr\u00e6-islamisk tid, hvilket g\u00f8r det til en kulturel snarere end religi\u00f8s festival, der fejres af b\u00e5de muslimer og ikke-muslimer.<\/p>\n<p>Denne festival er det bedste tidspunkt at bes\u00f8ge Albanien p\u00e5, da den ikke kun genopretter dit \u00e5ndelige liv, men ogs\u00e5 giver en fremragende mulighed for at komme i kontakt med lokalbefolkningen, deres traditioner og kultur.<\/p>\n<p>Relateret: <a href=\"https:\/\/magictowns.al\/da\/10-overraskende-fakta-om-albansk-kultur\/\" rel=\"noopener\">Fakta om albansk kultur<\/a>.<\/p>\n<h5>Dita e Veres<\/h5>\n<p><span id=\"input-sentence~9\">Hvis du bes\u00f8ger Albanien i l\u00f8bet af for\u00e5ret, skal du markere <strong>14. marts<\/strong> i din kalender. Den er kendt som \"Sommerdag\" i Albanien, eller \"Dita e Ver\u00ebs\", og det er en interessant hedensk festival, der markerer for\u00e5rets komme. P\u00e5 denne dag fejrer de lokale vinterens afslutning og for\u00e5rets komme ved at spise, drikke og danse til traditionel musik.<\/span><span id=\"input-sentence~10\"><\/span><\/p>\n<figure id=\"attachment_23325\" aria-describedby=\"caption-attachment-23325\" style=\"width: 1024px\" class=\"wp-caption aligncenter\"><img decoding=async data-opt-id=1868735762  fetchpriority=\"high\" class=\"size-large wp-image-23325\" src=\"https:\/\/ml4ds5noqxtv.i.optimole.com\/cb:nu7s.344e2\/w:1024\/h:529\/q:mauto\/g:sm\/f:best\/https:\/\/magictowns.al\/wp-content\/uploads\/2024\/10\/Dita-e-Veres-Festival.jpg\" alt=\"Bedste tidspunkt at bes\u00f8ge Albanien\" width=\"1024\" height=\"529\" title=\"\" srcset=\"https:\/\/ml4ds5noqxtv.i.optimole.com\/cb:nu7s.344e2\/w:1024\/h:529\/q:mauto\/g:sm\/f:best\/https:\/\/magictowns.al\/wp-content\/uploads\/2024\/10\/Dita-e-Veres-Festival.jpg 1024w, https:\/\/ml4ds5noqxtv.i.optimole.com\/cb:nu7s.344e2\/w:300\/h:155\/q:mauto\/g:sm\/f:best\/https:\/\/magictowns.al\/wp-content\/uploads\/2024\/10\/Dita-e-Veres-Festival.jpg 300w, https:\/\/ml4ds5noqxtv.i.optimole.com\/cb:nu7s.344e2\/w:768\/h:397\/q:mauto\/g:sm\/f:best\/https:\/\/magictowns.al\/wp-content\/uploads\/2024\/10\/Dita-e-Veres-Festival.jpg 768w, https:\/\/ml4ds5noqxtv.i.optimole.com\/cb:nu7s.344e2\/w:18\/h:9\/q:mauto\/g:sm\/f:best\/https:\/\/magictowns.al\/wp-content\/uploads\/2024\/10\/Dita-e-Veres-Festival.jpg 18w, https:\/\/ml4ds5noqxtv.i.optimole.com\/cb:nu7s.344e2\/w:1308\/h:676\/q:mauto\/g:sm\/f:best\/https:\/\/magictowns.al\/wp-content\/uploads\/2024\/10\/Dita-e-Veres-Festival.jpg 1308w, https:\/\/ml4ds5noqxtv.i.optimole.com\/cb:nu7s.344e2\/w:1308\/h:676\/q:mauto\/g:sm\/f:best\/dpr:2\/https:\/\/magictowns.al\/wp-content\/uploads\/2024\/10\/Dita-e-Veres-Festival.jpg 2x\" sizes=\"(max-width: 1024px) 100vw, 1024px\" \/><figcaption id=\"caption-attachment-23325\" class=\"wp-caption-text\">Dita e Veres Festival<\/figcaption><\/figure>\n<p>Da jeg bes\u00f8gte Albanien sidste \u00e5r under denne festival, oplevede jeg, at de lokale var venlige og im\u00f8dekommende. De havde en tradition for at give gaver til deres familiemedlemmer og k\u00e6re, og jeg var p\u00e5 en eller anden m\u00e5de heldig. De gav mig ikke kun gaver, men inviterede mig ogs\u00e5 med til en middag fyldt med traditionelle retter.<\/p>\n<p><span id=\"input-sentence~11\">Da det var s\u00e5dan en hjertevarm oplevelse, er jeg overbevist om, at der ikke er noget bedre tidspunkt at bes\u00f8ge Albanien p\u00e5. Og gaver og mad, hvem kan sige nej til det?<\/span><\/p>\n<h3>Sommeren i Albanien (juni til august)<\/h3>\n<p><a href=\"https:\/\/magictowns.al\/da\/7-sommerbegivenheder-i-albanien-du-ikke-ma-ga-glip-af-i-2024\/\" rel=\"noopener\">Sommer<\/a> temperaturer i Albanien gennemsnit<strong> 33 \u00b0C.<\/strong>\u00a0 Det er bedst at bes\u00f8ge omr\u00e5det i juni, da det normalt bliver varmere i juli og august.<\/p>\n<figure id=\"attachment_23326\" aria-describedby=\"caption-attachment-23326\" style=\"width: 1024px\" class=\"wp-caption aligncenter\"><img decoding=async data-opt-id=1883200291  fetchpriority=\"high\" class=\"size-large wp-image-23326\" src=\"https:\/\/ml4ds5noqxtv.i.optimole.com\/cb:nu7s.344e2\/w:1024\/h:538\/q:mauto\/g:sm\/f:best\/https:\/\/magictowns.al\/wp-content\/uploads\/2024\/10\/Summers-In-Albania.jpg\" alt=\"Sumer er det bedste tidspunkt at bes\u00f8ge Albanien p\u00e5\" width=\"1024\" height=\"538\" title=\"\" srcset=\"https:\/\/ml4ds5noqxtv.i.optimole.com\/cb:nu7s.344e2\/w:1024\/h:538\/q:mauto\/g:sm\/f:best\/https:\/\/magictowns.al\/wp-content\/uploads\/2024\/10\/Summers-In-Albania.jpg 1024w, https:\/\/ml4ds5noqxtv.i.optimole.com\/cb:nu7s.344e2\/w:300\/h:158\/q:mauto\/g:sm\/f:best\/https:\/\/magictowns.al\/wp-content\/uploads\/2024\/10\/Summers-In-Albania.jpg 300w, https:\/\/ml4ds5noqxtv.i.optimole.com\/cb:nu7s.344e2\/w:768\/h:404\/q:mauto\/g:sm\/f:best\/https:\/\/magictowns.al\/wp-content\/uploads\/2024\/10\/Summers-In-Albania.jpg 768w, https:\/\/ml4ds5noqxtv.i.optimole.com\/cb:nu7s.344e2\/w:18\/h:9\/q:mauto\/g:sm\/f:best\/https:\/\/magictowns.al\/wp-content\/uploads\/2024\/10\/Summers-In-Albania.jpg 18w, https:\/\/ml4ds5noqxtv.i.optimole.com\/cb:nu7s.344e2\/w:1219\/h:641\/q:mauto\/g:sm\/f:best\/https:\/\/magictowns.al\/wp-content\/uploads\/2024\/10\/Summers-In-Albania.jpg 1219w, https:\/\/ml4ds5noqxtv.i.optimole.com\/cb:nu7s.344e2\/w:1219\/h:641\/q:mauto\/g:sm\/f:best\/dpr:2\/https:\/\/magictowns.al\/wp-content\/uploads\/2024\/10\/Summers-In-Albania.jpg 2x\" sizes=\"(max-width: 1024px) 100vw, 1024px\" \/><figcaption id=\"caption-attachment-23326\" class=\"wp-caption-text\">Sommer i Albanien<\/figcaption><\/figure>\n<p>Den albanske riviera's strande, is\u00e6r\u00a0<span style=\"box-sizing: border-box; margin: 0px; padding: 0px;\"><span style=\"box-sizing: border-box; margin: 0px; padding: 0px;\">dem i\u00a0<strong>Ksamil<\/strong>,\u00a0<a href=\"https:\/\/magictowns.al\/da\/albanien-ejendomsmarked-tirana-durres-og-sarande\/\" rel=\"noopener\"><strong>Sarande<\/strong><\/a>, og\u00a0<strong>Dh\u00ebrmi,\u00a0<\/strong>bliver meget popul\u00e6re om sommeren. Men hvis du er bekymret for menneskem\u00e6ngder i h\u00f8js\u00e6sonen, er der nogle mindre kendte steder, som f.eks.\u00a0<strong>Himara<\/strong>,\u00a0<strong>Borsh,<\/strong><\/span>\u00a0og\u00a0<strong>Livadhi<\/strong>, <\/span>tilbyder den samme sk\u00f8nhed med begr\u00e6nsede folkem\u00e6ngder.<\/p>\n<h4>Ber\u00f8mte festivaler om sommeren<\/h4>\n<p>Her er nogle af de bedste sommerfestivaler, som vil g\u00f8re dit bes\u00f8g v\u00e6rdifuldt.<\/p>\n<h5>South Outdoor Festival<\/h5>\n<p>South Outdoor Festival starter sommeren med stil med musik, dans og familiesammenkomster.\u00a0<span style=\"box-sizing: border-box; margin: 0px; padding: 0px;\">Denne tredages begivenhed tiltr\u00e6kker sig global opm\u00e6rksomhed og afholdes hvert \u00e5r fra<strong>\u00a023. maj til 26. maj<\/strong>\u00a0i\u00a0<strong>Borsh<\/strong>, en kystby i det sydlige Albanien<\/span>.<\/p>\n<figure id=\"attachment_23327\" aria-describedby=\"caption-attachment-23327\" style=\"width: 1024px\" class=\"wp-caption aligncenter\"><img decoding=async data-opt-id=482592840  class=\"size-large wp-image-23327\" src=\"https:\/\/ml4ds5noqxtv.i.optimole.com\/cb:nu7s.344e2\/w:1024\/h:673\/q:mauto\/g:sm\/f:best\/https:\/\/magictowns.al\/wp-content\/uploads\/2024\/10\/South-Outdoor-Festival.jpg\" alt=\"bedste tidspunkt at bes\u00f8ge Albanien\" width=\"1024\" height=\"673\" title=\"\" srcset=\"https:\/\/ml4ds5noqxtv.i.optimole.com\/cb:nu7s.344e2\/w:1024\/h:673\/q:mauto\/g:sm\/f:best\/https:\/\/magictowns.al\/wp-content\/uploads\/2024\/10\/South-Outdoor-Festival.jpg 1024w, https:\/\/ml4ds5noqxtv.i.optimole.com\/cb:nu7s.344e2\/w:300\/h:197\/q:mauto\/g:sm\/f:best\/https:\/\/magictowns.al\/wp-content\/uploads\/2024\/10\/South-Outdoor-Festival.jpg 300w, https:\/\/ml4ds5noqxtv.i.optimole.com\/cb:nu7s.344e2\/w:768\/h:505\/q:mauto\/g:sm\/f:best\/https:\/\/magictowns.al\/wp-content\/uploads\/2024\/10\/South-Outdoor-Festival.jpg 768w, https:\/\/ml4ds5noqxtv.i.optimole.com\/cb:nu7s.344e2\/w:18\/h:12\/q:mauto\/g:sm\/f:best\/https:\/\/magictowns.al\/wp-content\/uploads\/2024\/10\/South-Outdoor-Festival.jpg 18w, https:\/\/ml4ds5noqxtv.i.optimole.com\/cb:nu7s.344e2\/w:1236\/h:812\/q:mauto\/g:sm\/f:best\/https:\/\/magictowns.al\/wp-content\/uploads\/2024\/10\/South-Outdoor-Festival.jpg 1236w, https:\/\/ml4ds5noqxtv.i.optimole.com\/cb:nu7s.344e2\/w:1236\/h:812\/q:mauto\/g:sm\/f:best\/dpr:2\/https:\/\/magictowns.al\/wp-content\/uploads\/2024\/10\/South-Outdoor-Festival.jpg 2x\" sizes=\"(max-width: 1024px) 100vw, 1024px\" \/><figcaption id=\"caption-attachment-23327\" class=\"wp-caption-text\">South Outdoor Festival<\/figcaption><\/figure>\n<p>Nogle af de bedste kunstnere fra hele verden s\u00e6tter scenen i brand og skaber en uforglemmelig stemning, der ofte tr\u00e6kker overskrifter. Men South Outdoor Festival, som er kendt over hele verden, tilbyder en unik platform til at fremme rejser og en eventyrlig livsstil.<\/p>\n<h5>Kala Festival<\/h5>\n<p>En anden popul\u00e6r musik- og kunstfestival blev afholdt i Albanien mellem <strong>5. juni og 12. juni<\/strong>. Denne musikkonference afholdes i den charmerende landsby <strong>Dh\u00ebrmi<\/strong>, der ligger 42 kilometer syd for <strong>Vlor\u00eb.<\/strong><\/p>\n<figure id=\"attachment_23328\" aria-describedby=\"caption-attachment-23328\" style=\"width: 1024px\" class=\"wp-caption aligncenter\"><img decoding=async data-opt-id=1679000736  class=\"size-large wp-image-23328\" src=\"https:\/\/ml4ds5noqxtv.i.optimole.com\/cb:nu7s.344e2\/w:1024\/h:574\/q:mauto\/g:sm\/f:best\/https:\/\/magictowns.al\/wp-content\/uploads\/2024\/10\/Kala-Festival.jpg\" alt=\"Festivaler er det bedste tidspunkt at bes\u00f8ge Albanien p\u00e5 \" width=\"1024\" height=\"574\" title=\"\" srcset=\"https:\/\/ml4ds5noqxtv.i.optimole.com\/cb:nu7s.344e2\/w:1024\/h:574\/q:mauto\/g:sm\/f:best\/https:\/\/magictowns.al\/wp-content\/uploads\/2024\/10\/Kala-Festival.jpg 1024w, https:\/\/ml4ds5noqxtv.i.optimole.com\/cb:nu7s.344e2\/w:300\/h:168\/q:mauto\/g:sm\/f:best\/https:\/\/magictowns.al\/wp-content\/uploads\/2024\/10\/Kala-Festival.jpg 300w, https:\/\/ml4ds5noqxtv.i.optimole.com\/cb:nu7s.344e2\/w:768\/h:430\/q:mauto\/g:sm\/f:best\/https:\/\/magictowns.al\/wp-content\/uploads\/2024\/10\/Kala-Festival.jpg 768w, https:\/\/ml4ds5noqxtv.i.optimole.com\/cb:nu7s.344e2\/w:1536\/h:860\/q:mauto\/g:sm\/f:best\/https:\/\/magictowns.al\/wp-content\/uploads\/2024\/10\/Kala-Festival.jpg 1536w, https:\/\/ml4ds5noqxtv.i.optimole.com\/cb:nu7s.344e2\/w:18\/h:10\/q:mauto\/g:sm\/f:best\/https:\/\/magictowns.al\/wp-content\/uploads\/2024\/10\/Kala-Festival.jpg 18w, https:\/\/ml4ds5noqxtv.i.optimole.com\/cb:nu7s.344e2\/w:1320\/h:739\/q:mauto\/g:sm\/f:best\/https:\/\/magictowns.al\/wp-content\/uploads\/2024\/10\/Kala-Festival.jpg 1320w, https:\/\/ml4ds5noqxtv.i.optimole.com\/cb:nu7s.344e2\/w:1603\/h:898\/q:mauto\/g:sm\/f:best\/https:\/\/magictowns.al\/wp-content\/uploads\/2024\/10\/Kala-Festival.jpg 1603w, https:\/\/ml4ds5noqxtv.i.optimole.com\/cb:nu7s.344e2\/w:1603\/h:898\/q:mauto\/g:sm\/f:best\/dpr:2\/https:\/\/magictowns.al\/wp-content\/uploads\/2024\/10\/Kala-Festival.jpg 2x\" sizes=\"(max-width: 1024px) 100vw, 1024px\" \/><figcaption id=\"caption-attachment-23328\" class=\"wp-caption-text\">Kala Festival<\/figcaption><\/figure>\n<p>L\u00e6s mere om sommer i Albanien: <a title=\"Sommerophold i Nordalbanien\" href=\"https:\/\/magictowns.al\/da\/bedste-ophold-til-sommerferien-i-nordalbanien\/\" rel=\"noopener\">Sommerophold i Nordalbanien<\/a><\/p>\n<h3>aUTUMNS I Albanien (september til november)<\/h3>\n<p><span data-preserver-spaces=\"true\">Det albanske efter\u00e5r begynder efter sommerens afslutning og varer fra september til oktober. Det er dog ikke s\u00e5 varmt p\u00e5 denne tid af \u00e5ret, og du kan nyde mange udend\u00f8rs aktiviteter.<\/span><\/p>\n<figure id=\"attachment_24010\" aria-describedby=\"caption-attachment-24010\" style=\"width: 1024px\" class=\"wp-caption aligncenter\"><img decoding=async data-opt-id=1436486359  class=\"size-large wp-image-24010\" src=\"https:\/\/ml4ds5noqxtv.i.optimole.com\/cb:nu7s.344e2\/w:1024\/h:599\/q:mauto\/g:sm\/f:best\/https:\/\/magictowns.al\/wp-content\/uploads\/2024\/10\/Autumn-In-Albania.jpg\" alt=\"Bedste tidspunkt at bes\u00f8ge Albanien: Efter\u00e5rss\u00e6sonen\" width=\"1024\" height=\"599\" title=\"\" srcset=\"https:\/\/ml4ds5noqxtv.i.optimole.com\/cb:nu7s.344e2\/w:1024\/h:599\/q:mauto\/g:sm\/f:best\/https:\/\/magictowns.al\/wp-content\/uploads\/2024\/10\/Autumn-In-Albania.jpg 1024w, https:\/\/ml4ds5noqxtv.i.optimole.com\/cb:nu7s.344e2\/w:300\/h:176\/q:mauto\/g:sm\/f:best\/https:\/\/magictowns.al\/wp-content\/uploads\/2024\/10\/Autumn-In-Albania.jpg 300w, https:\/\/ml4ds5noqxtv.i.optimole.com\/cb:nu7s.344e2\/w:768\/h:449\/q:mauto\/g:sm\/f:best\/https:\/\/magictowns.al\/wp-content\/uploads\/2024\/10\/Autumn-In-Albania.jpg 768w, https:\/\/ml4ds5noqxtv.i.optimole.com\/cb:nu7s.344e2\/w:18\/h:12\/q:mauto\/g:sm\/f:best\/https:\/\/magictowns.al\/wp-content\/uploads\/2024\/10\/Autumn-In-Albania.jpg 18w, https:\/\/ml4ds5noqxtv.i.optimole.com\/cb:nu7s.344e2\/w:1046\/h:612\/q:mauto\/g:sm\/f:best\/https:\/\/magictowns.al\/wp-content\/uploads\/2024\/10\/Autumn-In-Albania.jpg 1046w, https:\/\/ml4ds5noqxtv.i.optimole.com\/cb:nu7s.344e2\/w:1046\/h:612\/q:mauto\/g:sm\/f:best\/dpr:2\/https:\/\/magictowns.al\/wp-content\/uploads\/2024\/10\/Autumn-In-Albania.jpg 2x\" sizes=\"(max-width: 1024px) 100vw, 1024px\" \/><figcaption id=\"caption-attachment-24010\" class=\"wp-caption-text\">Efter\u00e5r i Albanien<\/figcaption><\/figure>\n<h4><span data-preserver-spaces=\"true\">Festivaler\/begivenheder i efter\u00e5ret<\/span><\/h4>\n<p><span data-preserver-spaces=\"true\">Nogle af de mest ber\u00f8mte og eftertragtede festivaler finder sted om efter\u00e5ret.<\/span><\/p>\n<h5>H\u00f8stfestival (Festa e Vjeljes s\u00eb Rrushit):<\/h5>\n<p><span data-preserver-spaces=\"true\">H\u00f8stfestivalen, som er en vigtig kulturel begivenhed, starter i slutningen af september og slutter i begyndelsen af oktober. Den fejrer afslutningen og h\u00f8sten af druer, som bruges til vinproduktion i de st\u00f8rre byer i Albanien, som Berat og P\u00ebrmet.<\/span><\/p>\n<figure id=\"attachment_24011\" aria-describedby=\"caption-attachment-24011\" style=\"width: 912px\" class=\"wp-caption aligncenter\"><img decoding=async data-opt-id=43645630  class=\"size-full wp-image-24011\" src=\"https:\/\/ml4ds5noqxtv.i.optimole.com\/cb:nu7s.344e2\/w:auto\/h:auto\/q:mauto\/g:sm\/f:best\/https:\/\/magictowns.al\/wp-content\/uploads\/2024\/10\/Harvest-Festival.jpg\" alt=\"Efter\u00e5rsfestivaler for at nyde den bedste tid i Albanien\" width=\"912\" height=\"513\" title=\"\" srcset=\"https:\/\/ml4ds5noqxtv.i.optimole.com\/cb:nu7s.344e2\/w:912\/h:513\/q:mauto\/g:sm\/f:best\/https:\/\/magictowns.al\/wp-content\/uploads\/2024\/10\/Harvest-Festival.jpg 912w, https:\/\/ml4ds5noqxtv.i.optimole.com\/cb:nu7s.344e2\/w:300\/h:169\/q:mauto\/g:sm\/f:best\/https:\/\/magictowns.al\/wp-content\/uploads\/2024\/10\/Harvest-Festival.jpg 300w, https:\/\/ml4ds5noqxtv.i.optimole.com\/cb:nu7s.344e2\/w:768\/h:432\/q:mauto\/g:sm\/f:best\/https:\/\/magictowns.al\/wp-content\/uploads\/2024\/10\/Harvest-Festival.jpg 768w, https:\/\/ml4ds5noqxtv.i.optimole.com\/cb:nu7s.344e2\/w:18\/h:10\/q:mauto\/g:sm\/f:best\/https:\/\/magictowns.al\/wp-content\/uploads\/2024\/10\/Harvest-Festival.jpg 18w, https:\/\/ml4ds5noqxtv.i.optimole.com\/cb:nu7s.344e2\/w:912\/h:513\/q:mauto\/g:sm\/f:best\/dpr:2\/https:\/\/magictowns.al\/wp-content\/uploads\/2024\/10\/Harvest-Festival.jpg 2x\" sizes=\"(max-width: 912px) 100vw, 912px\" \/><figcaption id=\"caption-attachment-24011\" class=\"wp-caption-text\">H\u00f8stfestival for druer<\/figcaption><\/figure>\n<h5>Skanderbegs nationaldag:<\/h5>\n<p><span data-preserver-spaces=\"true\">Den starter den 17. september og fejres i hele Albanien, is\u00e6r i Kruj\u00eb. Desuden fejres denne begivenhed til \u00e6re for mindet om og k\u00e6rligheden til deres nationalhelt, <\/span><strong><span data-preserver-spaces=\"true\">Gjergj Kastrioti Skanderbeg<\/span><\/strong><span data-preserver-spaces=\"true\">som startede en modstandsbev\u00e6gelse mod det osmanniske rige. <\/span><\/p>\n<h3>Vintre i Albanien (december til februar)<\/h3>\n<p>Albanien er ber\u00f8mt for sine smukke strande, men det er ogs\u00e5 interessant at bes\u00f8ge landet om vinteren.<\/p>\n<figure id=\"attachment_23329\" aria-describedby=\"caption-attachment-23329\" style=\"width: 1024px\" class=\"wp-caption aligncenter\"><img decoding=async data-opt-id=302557059  class=\"size-large wp-image-23329\" src=\"https:\/\/ml4ds5noqxtv.i.optimole.com\/cb:nu7s.344e2\/w:1024\/h:578\/q:mauto\/g:sm\/f:best\/https:\/\/magictowns.al\/wp-content\/uploads\/2024\/10\/Winters-In-Albanai.jpg\" alt=\"Vinters\u00e6sonen i Albanien\" width=\"1024\" height=\"578\" title=\"\" srcset=\"https:\/\/ml4ds5noqxtv.i.optimole.com\/cb:nu7s.344e2\/w:1024\/h:578\/q:mauto\/g:sm\/f:best\/https:\/\/magictowns.al\/wp-content\/uploads\/2024\/10\/Winters-In-Albanai.jpg 1024w, https:\/\/ml4ds5noqxtv.i.optimole.com\/cb:nu7s.344e2\/w:300\/h:169\/q:mauto\/g:sm\/f:best\/https:\/\/magictowns.al\/wp-content\/uploads\/2024\/10\/Winters-In-Albanai.jpg 300w, https:\/\/ml4ds5noqxtv.i.optimole.com\/cb:nu7s.344e2\/w:768\/h:433\/q:mauto\/g:sm\/f:best\/https:\/\/magictowns.al\/wp-content\/uploads\/2024\/10\/Winters-In-Albanai.jpg 768w, https:\/\/ml4ds5noqxtv.i.optimole.com\/cb:nu7s.344e2\/w:18\/h:10\/q:mauto\/g:sm\/f:best\/https:\/\/magictowns.al\/wp-content\/uploads\/2024\/10\/Winters-In-Albanai.jpg 18w, https:\/\/ml4ds5noqxtv.i.optimole.com\/cb:nu7s.344e2\/w:1218\/h:687\/q:mauto\/g:sm\/f:best\/https:\/\/magictowns.al\/wp-content\/uploads\/2024\/10\/Winters-In-Albanai.jpg 1218w, https:\/\/ml4ds5noqxtv.i.optimole.com\/cb:nu7s.344e2\/w:1218\/h:687\/q:mauto\/g:sm\/f:best\/dpr:2\/https:\/\/magictowns.al\/wp-content\/uploads\/2024\/10\/Winters-In-Albanai.jpg 2x\" sizes=\"(max-width: 1024px) 100vw, 1024px\" \/><figcaption id=\"caption-attachment-23329\" class=\"wp-caption-text\">Vinteren i Albanien<\/figcaption><\/figure>\n<p>Stederne er mindre overfyldte f\u00f8r og efter december p\u00e5 grund af nyt\u00e5rsfejringen, og de lokale har nogle fridage fra deres arbejde og bliver hjemme for at tilbringe tid sammen med deres familier.<\/p>\n<p><span style=\"box-sizing: border-box; margin: 0px; padding: 0px;\">En af de bedste aktiviteter, du kan overveje, er at bes\u00f8ge <a href=\"https:\/\/www.skiresort.info\/ski-resort\/bigell-dardhe\/\" target=\"_blank\" rel=\"noopener\">Skisportssteder<\/a> i Albanien for at f\u00e5 mest muligt ud af din oplevelse.\u00a0<\/span><\/p>\n<figure id=\"attachment_23330\" aria-describedby=\"caption-attachment-23330\" style=\"width: 1024px\" class=\"wp-caption aligncenter\"><img decoding=async data-opt-id=348944087  class=\"size-large wp-image-23330\" src=\"https:\/\/ml4ds5noqxtv.i.optimole.com\/cb:nu7s.344e2\/w:1024\/h:575\/q:mauto\/g:sm\/f:best\/https:\/\/magictowns.al\/wp-content\/uploads\/2024\/10\/Christmas-In-Albania.jpg\" alt=\"Hvorfor bes\u00f8ge Albanien?\" width=\"1024\" height=\"575\" title=\"\" srcset=\"https:\/\/ml4ds5noqxtv.i.optimole.com\/cb:nu7s.344e2\/w:1024\/h:575\/q:mauto\/g:sm\/f:best\/https:\/\/magictowns.al\/wp-content\/uploads\/2024\/10\/Christmas-In-Albania.jpg 1024w, https:\/\/ml4ds5noqxtv.i.optimole.com\/cb:nu7s.344e2\/w:300\/h:169\/q:mauto\/g:sm\/f:best\/https:\/\/magictowns.al\/wp-content\/uploads\/2024\/10\/Christmas-In-Albania.jpg 300w, https:\/\/ml4ds5noqxtv.i.optimole.com\/cb:nu7s.344e2\/w:768\/h:432\/q:mauto\/g:sm\/f:best\/https:\/\/magictowns.al\/wp-content\/uploads\/2024\/10\/Christmas-In-Albania.jpg 768w, https:\/\/ml4ds5noqxtv.i.optimole.com\/cb:nu7s.344e2\/w:18\/h:10\/q:mauto\/g:sm\/f:best\/https:\/\/magictowns.al\/wp-content\/uploads\/2024\/10\/Christmas-In-Albania.jpg 18w, https:\/\/ml4ds5noqxtv.i.optimole.com\/cb:nu7s.344e2\/w:1320\/h:742\/q:mauto\/g:sm\/f:best\/https:\/\/magictowns.al\/wp-content\/uploads\/2024\/10\/Christmas-In-Albania.jpg 1320w, https:\/\/ml4ds5noqxtv.i.optimole.com\/cb:nu7s.344e2\/w:1397\/h:785\/q:mauto\/g:sm\/f:best\/https:\/\/magictowns.al\/wp-content\/uploads\/2024\/10\/Christmas-In-Albania.jpg 1397w, https:\/\/ml4ds5noqxtv.i.optimole.com\/cb:nu7s.344e2\/w:1397\/h:785\/q:mauto\/g:sm\/f:best\/dpr:2\/https:\/\/magictowns.al\/wp-content\/uploads\/2024\/10\/Christmas-In-Albania.jpg 2x\" sizes=\"(max-width: 1024px) 100vw, 1024px\" \/><figcaption id=\"caption-attachment-23330\" class=\"wp-caption-text\">Jul i Albanien<\/figcaption><\/figure>\n<p>P\u00e5 grund af h\u00f8jtiden i december vil landet blive oplyst af julelys. N\u00e5r du g\u00e5r i gaderne, vil du se butikker, der s\u00e6lger hjemmelavede ting og smykker p\u00e5 fortovene. Atmosf\u00e6ren er dejlig, fuld af energi og sjove ting at lave.<\/p>\n<h5>Julemarkeder<\/h5>\n<p>Albanien er ogs\u00e5 v\u00e6rt for en r\u00e6kke julemarkeder, og du kan forvente en fantastisk atmosf\u00e6re fuld af hyggelige steder, velsmagende mad, sjove aktiviteter og mennesker, der oplever \u00e5rstidens gl\u00e6de. Markederne l\u00f8ber fra december til januar, men udsmykningen af byen begynder endnu tidligere.<\/p>\n<figure id=\"attachment_23331\" aria-describedby=\"caption-attachment-23331\" style=\"width: 1024px\" class=\"wp-caption aligncenter\"><img decoding=async data-opt-id=2010790912  class=\"size-large wp-image-23331\" src=\"https:\/\/ml4ds5noqxtv.i.optimole.com\/cb:nu7s.344e2\/w:1024\/h:543\/q:mauto\/g:sm\/f:best\/https:\/\/magictowns.al\/wp-content\/uploads\/2024\/10\/Christmas-Markets.jpg\" alt=\"Julemarkeder i Albanien\" width=\"1024\" height=\"543\" title=\"\" srcset=\"https:\/\/ml4ds5noqxtv.i.optimole.com\/cb:nu7s.344e2\/w:1024\/h:543\/q:mauto\/g:sm\/f:best\/https:\/\/magictowns.al\/wp-content\/uploads\/2024\/10\/Christmas-Markets.jpg 1024w, https:\/\/ml4ds5noqxtv.i.optimole.com\/cb:nu7s.344e2\/w:300\/h:159\/q:mauto\/g:sm\/f:best\/https:\/\/magictowns.al\/wp-content\/uploads\/2024\/10\/Christmas-Markets.jpg 300w, https:\/\/ml4ds5noqxtv.i.optimole.com\/cb:nu7s.344e2\/w:768\/h:407\/q:mauto\/g:sm\/f:best\/https:\/\/magictowns.al\/wp-content\/uploads\/2024\/10\/Christmas-Markets.jpg 768w, https:\/\/ml4ds5noqxtv.i.optimole.com\/cb:nu7s.344e2\/w:18\/h:10\/q:mauto\/g:sm\/f:best\/https:\/\/magictowns.al\/wp-content\/uploads\/2024\/10\/Christmas-Markets.jpg 18w, https:\/\/ml4ds5noqxtv.i.optimole.com\/cb:nu7s.344e2\/w:1320\/h:700\/q:mauto\/g:sm\/f:best\/https:\/\/magictowns.al\/wp-content\/uploads\/2024\/10\/Christmas-Markets.jpg 1320w, https:\/\/ml4ds5noqxtv.i.optimole.com\/cb:nu7s.344e2\/w:1412\/h:749\/q:mauto\/g:sm\/f:best\/https:\/\/magictowns.al\/wp-content\/uploads\/2024\/10\/Christmas-Markets.jpg 1412w, https:\/\/ml4ds5noqxtv.i.optimole.com\/cb:nu7s.344e2\/w:1412\/h:749\/q:mauto\/g:sm\/f:best\/dpr:2\/https:\/\/magictowns.al\/wp-content\/uploads\/2024\/10\/Christmas-Markets.jpg 2x\" sizes=\"(max-width: 1024px) 100vw, 1024px\" \/><figcaption id=\"caption-attachment-23331\" class=\"wp-caption-text\">Julemarkeder<\/figcaption><\/figure>\n<p>Tjek disse ud <a href=\"https:\/\/magictowns.al\/da\/9-bedste-vinterdestinationer-i-albanien\/\">vintersport<\/a> du kan pr\u00f8ve, mens du er i Albanien.<\/p>\n<h2>Mine tanker<\/h2>\n<p>Det bedste tidspunkt at bes\u00f8ge Albanien p\u00e5 er i maj-juni og september-december. Det skyldes, at vejret p\u00e5 denne \u00e5rstid er meget mere velegnet til udend\u00f8rs udforskning og til at finde sig til rette i klimaet. Desuden kan du udforske landet, mens der ikke er s\u00e5 mange mennesker, hvis du er heldig! Det hele afh\u00e6nger af, om du vil opleve landet i for\u00e5rs- og sommers\u00e6sonen eller i efter\u00e5rs- og vinters\u00e6sonen.<\/p>\n<p>Hvis du vil have mere interessant indhold om Albanien, er du velkommen til at deltage i vores <a href=\"https:\/\/www.facebook.com\/magictownsalbania\/\" target=\"_blank\" rel=\"noopener\">samfund<\/a>.<\/p>\n\n\t\t\t<div id=\"daexthefu-container\"\n\t\t\t\tclass=\"daexthefu-container daexthefu-layout-side-by-side daexthefu-alignment-center\"\n\t\t\t\tdata-post-id=\"23215\">\n\n\t\t\t\t<div class=\"daexthefu-feedback\">\n\t\t\t\t\t<div class=\"daexthefu-text\">\n\t\t\t\t\t\t<div class=\"daexthefu-title\">Var dette en hj\u00e6lp?<\/div>\n\t\t\t\t\t<\/div>\n\t\t\t\t\t<div class=\"daexthefu-buttons-container\">\n\t\t\t\t\t\t<div class=\"daexthefu-buttons\">\n\t\t\t\t\t\t\t\r\n\t\t\t<div class=\"daexthefu-yes daexthefu-button daexthefu-button-type-text\" data-value=\"1\">\r\n\t\t\t\t<div class=\"daexthefu-button-text\">\u2705 Ja<\/div>\r\n\t\t\t<\/div>\r\n\r\n\t\t\t\t\t\t\t\t\t\t\r\n\t\t\t<div class=\"daexthefu-no daexthefu-button daexthefu-button-type-text\" data-value=\"0\">\r\n\t\t\t\t<div class=\"daexthefu-button-text\">\u274c Nej<\/div>\r\n\t\t\t<\/div>\r\n\r\n\t\t\t\t\t\t\t\t\t<\/div>\n\t\t\t\t\t<\/div>\n\t\t\t\t<\/div>\n\n\t\t\t\t<div class=\"daexthefu-comment\">\n\t\t\t\t\t<div class=\"daexthefu-comment-top-container\">\n\t\t\t\t\t\t<label id=\"daexthefu-comment-label\" class=\"daexthefu-comment-label\"><\/label>\n\t\t\t\t\t\t\t\t\t\t\t\t\t<div class=\"daexthefu-comment-character-counter-container\">\n\t\t\t\t\t\t\t\t<div id=\"daexthefu-comment-character-counter-number\"\n\t\t\t\t\t\t\t\t\tclass=\"daexthefu-comment-character-counter-number\"><\/div>\n\t\t\t\t\t\t\t\t<div class=\"daexthefu-comment-character-counter-text\"><\/div>\n\t\t\t\t\t\t\t<\/div>\n\t\t\t\t\t\t\t\t\t\t\t<\/div>\n\t\t\t\t\t<textarea id=\"daexthefu-comment-textarea\" class=\"daexthefu-comment-textarea\"\n\t\t\t\t\t\t\t\tplaceholder=\"Skriv din besked\"\n\t\t\t\t\t\t\t\tmaxlength=\"\t\t\t\t\t\t\t\t400\t\t\t\t\t\t\t\t\t\"><\/textarea>\n\t\t\t\t\t<div class=\"daexthefu-comment-buttons-container\">\n\t\t\t\t\t\t<button class=\"daexthefu-comment-submit daexthefu-button\">Indsend<\/button>\n\t\t\t\t\t\t<button class=\"daexthefu-comment-cancel daexthefu-button\">Annuller<\/button>\n\t\t\t\t\t<\/div>\n\t\t\t\t<\/div>\n\n\t\t\t\t<div class=\"daexthefu-successful-submission-text\">Tak for din feedback!<\/div>\n\n\t\t\t<\/div>","protected":false},"excerpt":{"rendered":"<p>I dag vil jeg guide dig til det bedste tidspunkt at bes\u00f8ge Albanien p\u00e5, s\u00e5 du kan nyde de perfekte \u00f8jeblikke af dit eventyr.<\/p>","protected":false},"author":3,"featured_media":23300,"comment_status":"closed","ping_status":"open","sticky":false,"template":"single-fullwidth.php","format":"standard","meta":{"_acf_changed":false,"_helpful_status":1,"footnotes":"","_wpscp_schedule_draft_date":"","_wpscp_schedule_republish_date":"","_wpscppro_advance_schedule":false,"_wpscppro_advance_schedule_date":"","_wpscppro_dont_share_socialmedia":null,"_wpscppro_custom_social_share_image":0,"_facebook_share_type":"default","_twitter_share_type":"default","_linkedin_share_type":"default","_pinterest_share_type":"default","_linkedin_share_type_page":"default","_instagram_share_type":"default","_medium_share_type":"default","_threads_share_type":"default","_google_business_share_type":"default","_selected_social_profile":[],"_wpsp_enable_custom_social_template":false,"_wpsp_social_scheduling":{"enabled":false,"datetime":null,"platforms":[],"status":"template_only","dateOption":"today","timeOption":"now","customDays":"","customHours":"","customDate":"","customTime":"","schedulingType":"absolute"},"_wpsp_active_default_template":true},"categories":[34,28],"tags":[558,557],"class_list":{"0":"post-23215","1":"post","2":"type-post","3":"status-publish","4":"format-standard","5":"has-post-thumbnail","7":"category-travel","8":"category-guides","9":"tag-albania","10":"tag-travel"},"acf":[],"menu_order":0,"_links":{"self":[{"href":"https:\/\/magictowns.al\/da\/wp-json\/wp\/v2\/posts\/23215","targetHints":{"allow":["GET"]}}],"collection":[{"href":"https:\/\/magictowns.al\/da\/wp-json\/wp\/v2\/posts"}],"about":[{"href":"https:\/\/magictowns.al\/da\/wp-json\/wp\/v2\/types\/post"}],"author":[{"embeddable":true,"href":"https:\/\/magictowns.al\/da\/wp-json\/wp\/v2\/users\/3"}],"replies":[{"embeddable":true,"href":"https:\/\/magictowns.al\/da\/wp-json\/wp\/v2\/comments?post=23215"}],"version-history":[{"count":17,"href":"https:\/\/magictowns.al\/da\/wp-json\/wp\/v2\/posts\/23215\/revisions"}],"predecessor-version":[{"id":24233,"href":"https:\/\/magictowns.al\/da\/wp-json\/wp\/v2\/posts\/23215\/revisions\/24233"}],"wp:featuredmedia":[{"embeddable":true,"href":"https:\/\/magictowns.al\/da\/wp-json\/wp\/v2\/media\/23300"}],"wp:attachment":[{"href":"https:\/\/magictowns.al\/da\/wp-json\/wp\/v2\/media?parent=23215"}],"wp:term":[{"taxonomy":"category","embeddable":true,"href":"https:\/\/magictowns.al\/da\/wp-json\/wp\/v2\/categories?post=23215"},{"taxonomy":"post_tag","embeddable":true,"href":"https:\/\/magictowns.al\/da\/wp-json\/wp\/v2\/tags?post=23215"}],"curies":[{"name":"wp","href":"https:\/\/api.w.org\/{rel}","templated":true}]}}