{"id":22073,"date":"2024-08-01T12:49:58","date_gmt":"2024-08-01T10:49:58","guid":{"rendered":"https:\/\/magictowns.al\/?p=22073"},"modified":"2025-01-12T07:11:05","modified_gmt":"2025-01-12T06:11:05","slug":"sogen-efter-europa-pa-balkan-2","status":"publish","type":"post","link":"https:\/\/magictowns.al\/da\/the-quest-for-europe-in-the-balkans\/","title":{"rendered":"Jagten p\u00e5 Europa p\u00e5 Balkan"},"content":{"rendered":"<p>Denne korte analyse er inspireret af artiklen \"La qu\u00eate d'Europe dans les Balkans\" fra Ouest-France. En s\u00e6rlig tak til Patrick Bernard for at g\u00f8re os opm\u00e6rksomme p\u00e5 denne indsigtsfulde artikel.<\/p>\r\n\r\n\r\n\r\n<p>Den tankev\u00e6kkende artikel med titlen \"Point de vue. La qu\u00eate d'Europe dans les Balkans\", udgivet af Ouest-France, analyserer Balkanlandenes rejse mod europ\u00e6isk integration. Artiklen giver et indblik i de historiske, politiske og socio\u00f8konomiske faktorer, der p\u00e5virker regionens \u00f8nske om at blive medlem af EU.<\/p>\r\n\r\n\r\n\r\n<p>Her er nogle af de faktorer, der har p\u00e5virket Balkanlandenes rejse mod det velkendte endem\u00e5l, europ\u00e6isk integration.<\/p>\r\n\r\n\r\n\r\n<h3 class=\"wp-block-heading\">Historisk sammenh\u00e6ng<\/h3>\r\n\r\n\r\n\r\n<p>Balkan, der ofte omtales som Europas korsvej, har en historie, der er pr\u00e6get af konflikter og kulturel mangfoldighed. Denne komplekse fortid former fortsat regionens nutidige bestr\u00e6belser p\u00e5 at tilpasse sig europ\u00e6iske standarder og v\u00e6rdier. Is\u00e6r arven fra de jugoslaviske krige er stadig en betydelig barriere for enhed og fremskridt.<\/p>\r\n\r\n\r\n\r\n<p>Denne <a href=\"file:\/\/\/C:\/Users\/User\/Downloads\/0.2.%20Western%20Balkans%20Crossroads%20of%20Civilisations%20Concept%20and%20List%20of%20Locations.pdf\">informativt materiale<\/a> fra Det Regionale Samarbejdsr\u00e5d fort\u00e6ller mere om, hvor det hele startede.<\/p>\r\n\r\n\r\n\r\n<h3 class=\"wp-block-heading\">Politiske udfordringer<\/h3>\r\n\r\n\r\n\r\n<p>Politisk st\u00e5r Balkanlandene over for visse udfordringer p\u00e5 deres vej mod EU-medlemskab. Problemer som korruption, svag regeringsf\u00f8relse og politisk ustabilitet n\u00e6vnes som store forhindringer. EU's strenge tiltr\u00e6delseskriterier kr\u00e6ver, at disse lande gennemf\u00f8rer omfattende reformer, som ofte kolliderer med lokal praksis og lokale interesser.<\/p>\r\n\r\n\r\n\r\n<h3 class=\"wp-block-heading\">Socio\u00f8konomiske kampe<\/h3>\r\n\r\n\r\n\r\n<p>\u00d8konomisk k\u00e6mper regionen med h\u00f8j arbejdsl\u00f8shed, fattigdom og underudviklet infrastruktur. Selv om EU-medlemskab lover \u00f8konomiske fordele, indeb\u00e6rer overgangsperioden betydelige tilpasninger og investeringer. Den socio\u00f8konomiske kl\u00f8ft mellem Balkan og de eksisterende EU-medlemslande er en kritisk faktor i udvidelsesdebatten.<\/p>\r\n\r\n\r\n\r\n<h3 class=\"wp-block-heading\">EU's rolle<\/h3>\r\n\r\n\r\n\r\n<p>EU's forsigtige og til tider inkonsekvente udvidelsespolitik har f\u00f8rt til frustration og skepsis i regionen. Behovet for en mere sammenh\u00e6ngende og st\u00f8ttende EU-strategi understreges som grundl\u00e6ggende for at bevare trov\u00e6rdigheden i tiltr\u00e6delsesprocessen.<\/p>\r\n\r\n\r\n\r\n<p>Men p\u00e5 trods af disse udfordringer er den europ\u00e6iske integration af Balkan ikke kun til gavn for regionen, men ogs\u00e5 for stabiliteten og velstanden i Europa som helhed. Den f\u00e6lles kulturarv og geografiske n\u00e6rhed g\u00f8r Balkan til en integreret del af den europ\u00e6iske familie. Derfor kan en styrkelse af b\u00e5ndene til EU fremme fred, demokrati og \u00f8konomisk v\u00e6kst i denne historisk ustabile region.<\/p>\r\n\r\n\r\n\r\n<h3 class=\"wp-block-heading\">Konklusion<\/h3>\r\n\r\n\r\n\r\n<p>S\u00f8gen efter Europa p\u00e5 Balkan er en kompleks og mangefacetteret rejse, som sandsynligvis vil forts\u00e6tte et stykke tid endnu. P\u00e5 trods af regionens udfordringer og potentiale st\u00e5r det klart, at en vedvarende indsats og gensidigt samarbejde er n\u00f8glen til at realisere visionen om et forenet Europa. Forpligtelsen til et f\u00e6lles fremtidsl\u00f8fte giver en lovende horisont for Balkan.<\/p>\r\n\r\n\r\n\r\n<p>Tilbage st\u00e5r kun h\u00e5bet om, at de f\u00e6lles v\u00e6rdier demokrati, menneskerettigheder og gensidig respekt i sidste ende vil f\u00f8re Balkan mod et forenet Europa.<\/p>\r\n\r\n\t\t\t<div id=\"daexthefu-container\"\r\n\t\t\t\tclass=\"daexthefu-container daexthefu-layout-side-by-side daexthefu-alignment-center\"\r\n\t\t\t\tdata-post-id=\"22073\">\r\n\r\n\t\t\t\t<div class=\"daexthefu-feedback\">\r\n\t\t\t\t\t<div class=\"daexthefu-text\">\r\n\t\t\t\t\t\t<h3 class=\"daexthefu-title\">Var dette en hj\u00e6lp?<\/h3>\r\n\t\t\t\t\t<\/div>\r\n\t\t\t\t\t<div class=\"daexthefu-buttons-container\">\r\n\t\t\t\t\t\t<div class=\"daexthefu-buttons\">\r\n\t\t\t\t\t\t\t\r\n\t\t\t<div class=\"daexthefu-yes daexthefu-button daexthefu-button-type-text\" data-value=\"1\">\r\n\t\t\t\t<div class=\"daexthefu-button-text\">\u2705 Ja<\/div>\r\n\t\t\t<\/div>\r\n\r\n\t\t\t\t\t\t\t\t\t\t\r\n\t\t\t<div class=\"daexthefu-no daexthefu-button daexthefu-button-type-text\" data-value=\"0\">\r\n\t\t\t\t<div class=\"daexthefu-button-text\">\u274c Nej<\/div>\r\n\t\t\t<\/div>\r\n\r\n\t\t\t\t\t\t\t\t\t<\/div>\r\n\t\t\t\t\t<\/div>\r\n\t\t\t\t<\/div>\r\n\r\n\t\t\t\t<div class=\"daexthefu-comment\">\r\n\t\t\t\t\t<div class=\"daexthefu-comment-top-container\">\r\n\t\t\t\t\t\t<label id=\"daexthefu-comment-label\" class=\"daexthefu-comment-label\"><\/label>\r\n\t\t\t\t\t\t\t\t\t\t\t\t\t<div class=\"daexthefu-comment-character-counter-container\">\r\n\t\t\t\t\t\t\t\t<div id=\"daexthefu-comment-character-counter-number\"\r\n\t\t\t\t\t\t\t\t\tclass=\"daexthefu-comment-character-counter-number\"><\/div>\r\n\t\t\t\t\t\t\t\t<div class=\"daexthefu-comment-character-counter-text\"><\/div>\r\n\t\t\t\t\t\t\t<\/div>\r\n\t\t\t\t\t\t\t\t\t\t\t<\/div>\r\n\t\t\t\t\t<textarea id=\"daexthefu-comment-textarea\" class=\"daexthefu-comment-textarea\"\r\n\t\t\t\t\t\t\t\tplaceholder=\"Skriv din besked\"\r\n\t\t\t\t\t\t\t\tmaxlength=\"\t\t\t\t\t\t\t\t400\t\t\t\t\t\t\t\t\t\"><\/textarea>\r\n\t\t\t\t\t<div class=\"daexthefu-comment-buttons-container\">\r\n\t\t\t\t\t\t<button class=\"daexthefu-comment-submit daexthefu-button\">Indsend<\/button>\r\n\t\t\t\t\t\t<button class=\"daexthefu-comment-cancel daexthefu-button\">Annuller<\/button>\r\n\t\t\t\t\t<\/div>\r\n\t\t\t\t<\/div>\r\n\r\n\t\t\t\t<div class=\"daexthefu-successful-submission-text\">Tak for din feedback!<\/div>\r\n\r\n\t\t\t<\/div>","protected":false},"excerpt":{"rendered":"<p>Udforsk Balkans rejse mod EU-integration, inspireret af artiklen \"La qu\u00eate d'Europe dans les Balkans\" fra Ouest-France. <\/p>","protected":false},"author":3,"featured_media":22080,"comment_status":"closed","ping_status":"open","sticky":false,"template":"single-fullwidth.php","format":"standard","meta":{"_acf_changed":false,"_helpful_status":1,"footnotes":"","_wpscp_schedule_draft_date":"","_wpscp_schedule_republish_date":"","_wpscppro_advance_schedule":false,"_wpscppro_advance_schedule_date":"","_wpscppro_dont_share_socialmedia":null,"_wpscppro_custom_social_share_image":0,"_facebook_share_type":"default","_twitter_share_type":"default","_linkedin_share_type":"default","_pinterest_share_type":"default","_linkedin_share_type_page":"default","_instagram_share_type":"default","_medium_share_type":"default","_threads_share_type":"","_google_business_share_type":"","_selected_social_profile":[],"_wpsp_enable_custom_social_template":false,"_wpsp_social_scheduling":{"enabled":false,"datetime":null,"platforms":[],"status":"template_only","dateOption":"today","timeOption":"now","customDays":"","customHours":"","customDate":"","customTime":"","schedulingType":"absolute"},"_wpsp_active_default_template":true},"categories":[32],"tags":[],"class_list":{"0":"post-22073","1":"post","2":"type-post","3":"status-publish","4":"format-standard","5":"has-post-thumbnail","7":"category-culture"},"acf":[],"menu_order":0,"_links":{"self":[{"href":"https:\/\/magictowns.al\/da\/wp-json\/wp\/v2\/posts\/22073","targetHints":{"allow":["GET"]}}],"collection":[{"href":"https:\/\/magictowns.al\/da\/wp-json\/wp\/v2\/posts"}],"about":[{"href":"https:\/\/magictowns.al\/da\/wp-json\/wp\/v2\/types\/post"}],"author":[{"embeddable":true,"href":"https:\/\/magictowns.al\/da\/wp-json\/wp\/v2\/users\/3"}],"replies":[{"embeddable":true,"href":"https:\/\/magictowns.al\/da\/wp-json\/wp\/v2\/comments?post=22073"}],"version-history":[{"count":5,"href":"https:\/\/magictowns.al\/da\/wp-json\/wp\/v2\/posts\/22073\/revisions"}],"predecessor-version":[{"id":24636,"href":"https:\/\/magictowns.al\/da\/wp-json\/wp\/v2\/posts\/22073\/revisions\/24636"}],"wp:featuredmedia":[{"embeddable":true,"href":"https:\/\/magictowns.al\/da\/wp-json\/wp\/v2\/media\/22080"}],"wp:attachment":[{"href":"https:\/\/magictowns.al\/da\/wp-json\/wp\/v2\/media?parent=22073"}],"wp:term":[{"taxonomy":"category","embeddable":true,"href":"https:\/\/magictowns.al\/da\/wp-json\/wp\/v2\/categories?post=22073"},{"taxonomy":"post_tag","embeddable":true,"href":"https:\/\/magictowns.al\/da\/wp-json\/wp\/v2\/tags?post=22073"}],"curies":[{"name":"wp","href":"https:\/\/api.w.org\/{rel}","templated":true}]}}